{"id":36784,"date":"2021-04-12T00:00:00","date_gmt":"2021-04-11T22:00:00","guid":{"rendered":"https:\/\/podcast.rs\/forum-evropa-belgrade-europride-2022\/"},"modified":"2021-04-12T00:00:00","modified_gmt":"2021-04-11T22:00:00","slug":"forum-evropa-belgrade-europride-2022","status":"publish","type":"post","link":"https:\/\/podcast.rs\/en\/forum-evropa-belgrade-europride-2022\/","title":{"rendered":"Forum Evropa &#8211; Belgrade EuroPride &#8211; 2022"},"content":{"rendered":"<p>U okviru prvog Forum Evropa Speed Date doga\u0111aja, nove edicije ove vi\u0161egodi\u0161nje platforme, govorimo o manifestaciji od vi\u0161estrukog zna\u010daja za Srbiju i region \u2013 o EuroPrajdu, \u010diji \u0107e doma\u0107in slede\u0107e godine biti Beograd. U toku razgovora sa predstavnicima regionalnih LGBT+ organizacija, poku\u0161ali smo da prona\u0111emo odgovore na pitanja poput: \u0161ta bi bilo nasle\u0111e EuroPrajda u lokalnom kontekstu i koje sve promene i izazove ovaj doga\u0111aj donosi zajednici?<br \/>\nProgram se realizuje uz podr\u0161ku Balkan Trust for Democracy, projekta The German Marshall Fund of the United States and USAID-a.<br \/>\nLilly Dragoeva \u2013 izvr\u0161na direktorka Bilitis Fondacije i koordinatorka Sofija Prajda<br \/>\nApostolis Karabairis \u2013 koordinator Solun Prajda<br \/>\nMarko Mihailovi\u0107 \u2013 direktor Dru\u0161tva Ponosa i koordinator Beograd Prajda<br \/>\nModeratori: Andrej Nosov i Aleksandra Lozanovi\u0107<\/p>\n<p>Dizajnerka zvuka: Lidija Mirovi\u0107<\/p>","protected":false},"excerpt":{"rendered":"<p>U okviru prvog Forum Evropa Speed Date doga\u0111aja, \u2026<\/p>","protected":false},"author":3,"featured_media":36785,"comment_status":"","ping_status":"closed","sticky":false,"template":"","format":"standard","meta":{"footnotes":""},"categories":[80],"tags":[],"class_list":["post-36784","post","type-post","status-publish","format-standard","has-post-thumbnail","hentry","category-remarker"],"_links":{"self":[{"href":"https:\/\/podcast.rs\/en\/wp-json\/wp\/v2\/posts\/36784","targetHints":{"allow":["GET"]}}],"collection":[{"href":"https:\/\/podcast.rs\/en\/wp-json\/wp\/v2\/posts"}],"about":[{"href":"https:\/\/podcast.rs\/en\/wp-json\/wp\/v2\/types\/post"}],"author":[{"embeddable":true,"href":"https:\/\/podcast.rs\/en\/wp-json\/wp\/v2\/users\/3"}],"replies":[{"embeddable":true,"href":"https:\/\/podcast.rs\/en\/wp-json\/wp\/v2\/comments?post=36784"}],"version-history":[{"count":0,"href":"https:\/\/podcast.rs\/en\/wp-json\/wp\/v2\/posts\/36784\/revisions"}],"wp:featuredmedia":[{"embeddable":true,"href":"https:\/\/podcast.rs\/en\/wp-json\/wp\/v2\/media\/36785"}],"wp:attachment":[{"href":"https:\/\/podcast.rs\/en\/wp-json\/wp\/v2\/media?parent=36784"}],"wp:term":[{"taxonomy":"category","embeddable":true,"href":"https:\/\/podcast.rs\/en\/wp-json\/wp\/v2\/categories?post=36784"},{"taxonomy":"post_tag","embeddable":true,"href":"https:\/\/podcast.rs\/en\/wp-json\/wp\/v2\/tags?post=36784"}],"curies":[{"name":"wp","href":"https:\/\/api.w.org\/{rel}","templated":true}]}}