{"id":367271,"date":"2025-06-05T16:00:45","date_gmt":"2025-06-05T14:00:45","guid":{"rendered":"https:\/\/podcast.rs\/koloplet-se1ep10-vesna-bondzic-kad-karcinom-probudi-snagu\/"},"modified":"2025-06-05T16:00:45","modified_gmt":"2025-06-05T14:00:45","slug":"koloplet-se1ep10-vesna-bondzic-kad-karcinom-probudi-snagu","status":"publish","type":"post","link":"https:\/\/podcast.rs\/en\/koloplet-se1ep10-vesna-bondzic-kad-karcinom-probudi-snagu\/","title":{"rendered":"Koloplet SE1|EP10 &#8211; Vesna Bond\u017ei\u0107 &#8211; Kad karcinom probudi snagu"},"content":{"rendered":"<p>Kada se suo\u010dite sa dijagnozom raka, neizvesnost i strah mogu biti parali\u0161u\u0107i. Ali \u0161ta ako postoji neko ko vas mo\u017ee voditi kroz taj proces, ko razume izazove i bori se da svi pacijenti dobiju adekvatnu podr\u0161ku? Vesna Bond\u017ei\u0107, osniva\u010dica i predsednica \u017denskog centra \u201eMilica\u201c, upravo je ta osoba.<\/p>\n<p>Nakon sopstvene borbe sa rakom dojke, Vesna je odlu\u010dila da ne bude pasivni posmatra\u010d, ve\u0107 da stvori sistemsku podr\u0161ku za obolele \u017eene u Srbiji. Od pru\u017eanja iskustvene podr\u0161ke pacijentima i zalaganja za bolje uslove le\u010denja, do pokretanja nacionalnih kampanja poput \u201eDaj pedalu raku\u201c, njen anga\u017eman je promenio na\u010din na koji se u Srbiji govori o raku dojke i ginekolo\u0161kim karcinomima.<\/p>\n<p>Kako je od in\u017eenjerke ma\u0161instva postala jedna od klju\u010dnih osoba u borbi za prava pacijenata? \u0160ta sve nedostaje sistemu zdravstvene za\u0161tite u Srbiji kada su u pitanju onkolo\u0161ki pacijenti? I kako izgleda \u017eivot nakon dijagnoze \u2013 ne samo kao pre\u017eivela, ve\u0107 i kao aktivistkinja?<br \/>\nU Koloplet podkastu sa Vesnom Bond\u017ei\u0107 razgovaramo o izazovima, ali i predrasudama. Ako \u017eelite da saznate vi\u0161e o tome kako se boriti \u2013 ne samo protiv bolesti, ve\u0107 i za promene \u2013 ne propustite ovaj razgovor.<\/p>","protected":false},"excerpt":{"rendered":"<p>Kada se suo\u010dite sa dijagnozom raka, neizvesnost i\u2026<\/p>","protected":false},"author":3,"featured_media":155608,"comment_status":"","ping_status":"closed","sticky":false,"template":"","format":"standard","meta":{"footnotes":""},"categories":[655],"tags":[],"class_list":["post-367271","post","type-post","status-publish","format-standard","has-post-thumbnail","hentry","category-koloplet-podkast"],"_links":{"self":[{"href":"https:\/\/podcast.rs\/en\/wp-json\/wp\/v2\/posts\/367271","targetHints":{"allow":["GET"]}}],"collection":[{"href":"https:\/\/podcast.rs\/en\/wp-json\/wp\/v2\/posts"}],"about":[{"href":"https:\/\/podcast.rs\/en\/wp-json\/wp\/v2\/types\/post"}],"author":[{"embeddable":true,"href":"https:\/\/podcast.rs\/en\/wp-json\/wp\/v2\/users\/3"}],"replies":[{"embeddable":true,"href":"https:\/\/podcast.rs\/en\/wp-json\/wp\/v2\/comments?post=367271"}],"version-history":[{"count":0,"href":"https:\/\/podcast.rs\/en\/wp-json\/wp\/v2\/posts\/367271\/revisions"}],"wp:featuredmedia":[{"embeddable":true,"href":"https:\/\/podcast.rs\/en\/wp-json\/wp\/v2\/media\/155608"}],"wp:attachment":[{"href":"https:\/\/podcast.rs\/en\/wp-json\/wp\/v2\/media?parent=367271"}],"wp:term":[{"taxonomy":"category","embeddable":true,"href":"https:\/\/podcast.rs\/en\/wp-json\/wp\/v2\/categories?post=367271"},{"taxonomy":"post_tag","embeddable":true,"href":"https:\/\/podcast.rs\/en\/wp-json\/wp\/v2\/tags?post=367271"}],"curies":[{"name":"wp","href":"https:\/\/api.w.org\/{rel}","templated":true}]}}