{"id":362580,"date":"2025-06-03T15:30:04","date_gmt":"2025-06-03T15:30:04","guid":{"rendered":"https:\/\/podcast.rs\/?p=362580"},"modified":"2026-04-29T12:04:26","modified_gmt":"2026-04-29T10:04:26","slug":"da-li-njemackoj-nedostaje-lijecnika","status":"publish","type":"post","link":"https:\/\/podcast.rs\/en\/da-li-njemackoj-nedostaje-lijecnika\/","title":{"rendered":"Da li Njema\u010dkoj nedostaje lije\u010dnika?"},"content":{"rendered":"<p>Iako Njema\u010dka ima vi\u0161e lije\u010dnika nego ikad, mnogi gra\u0111ani izra\u017eavaju svoje nezadovoljstvo dostupno\u0161\u0107u zdravstvenih usluga \u2013 duga \u010dekanja na termin, manjak ordinacija i kratko vrijeme u ordinaciji. Kako je mogu\u0107e da brojke govore jedno, a iskustvo drugo? Maja Mari\u0107 u razgovoru s Filipom Slavkovi\u0107em istra\u017euje razloge tog nesrazmjera. Doktorica iz K\u00f6lna Ranka Marohl obja\u0161njava je li rije\u010d o smanjenim radnim satima lije\u010dnika, izazovima u ruralnim sredinama ili o starenju stanovni\u0161tva.<\/p>","protected":false},"excerpt":{"rendered":"<p>Iako Njema\u010dka ima vi\u0161e lije\u010dnika nego ikad, mnogi gra\u0111ani izra\u017eavaju svoje nezadovoljstvo dostupno\u0161\u0107u zdravstvenih usluga \u2013 duga \u010dekanja na termin, manjak ordinacija i kratko vrijeme u ordinaciji. Kako je mogu\u0107e da brojke govore jedno, a iskustvo drugo? Maja Mari\u0107 u razgovoru s Filipom Slavkovi\u0107em istra\u017euje razloge tog nesrazmjera. Doktorica iz K\u00f6lna Ranka Marohl obja\u0161njava je&#8230;<\/p>","protected":false},"author":3,"featured_media":48737,"comment_status":"close","ping_status":"closed","sticky":false,"template":"","format":"audio","meta":{"footnotes":""},"categories":[183],"tags":[],"class_list":["post-362580","post","type-post","status-publish","format-audio","has-post-thumbnail","hentry","category-cosmo","post_format-post-format-audio"],"_links":{"self":[{"href":"https:\/\/podcast.rs\/en\/wp-json\/wp\/v2\/posts\/362580","targetHints":{"allow":["GET"]}}],"collection":[{"href":"https:\/\/podcast.rs\/en\/wp-json\/wp\/v2\/posts"}],"about":[{"href":"https:\/\/podcast.rs\/en\/wp-json\/wp\/v2\/types\/post"}],"author":[{"embeddable":true,"href":"https:\/\/podcast.rs\/en\/wp-json\/wp\/v2\/users\/3"}],"replies":[{"embeddable":true,"href":"https:\/\/podcast.rs\/en\/wp-json\/wp\/v2\/comments?post=362580"}],"version-history":[{"count":2,"href":"https:\/\/podcast.rs\/en\/wp-json\/wp\/v2\/posts\/362580\/revisions"}],"predecessor-version":[{"id":659806,"href":"https:\/\/podcast.rs\/en\/wp-json\/wp\/v2\/posts\/362580\/revisions\/659806"}],"wp:featuredmedia":[{"embeddable":true,"href":"https:\/\/podcast.rs\/en\/wp-json\/wp\/v2\/media\/48737"}],"wp:attachment":[{"href":"https:\/\/podcast.rs\/en\/wp-json\/wp\/v2\/media?parent=362580"}],"wp:term":[{"taxonomy":"category","embeddable":true,"href":"https:\/\/podcast.rs\/en\/wp-json\/wp\/v2\/categories?post=362580"},{"taxonomy":"post_tag","embeddable":true,"href":"https:\/\/podcast.rs\/en\/wp-json\/wp\/v2\/tags?post=362580"}],"curies":[{"name":"wp","href":"https:\/\/api.w.org\/{rel}","templated":true}]}}