{"id":340793,"date":"2025-05-27T11:59:23","date_gmt":"2025-05-27T09:59:23","guid":{"rendered":"https:\/\/podcast.rs\/?p=340793"},"modified":"2025-05-27T13:31:56","modified_gmt":"2025-05-27T11:31:56","slug":"arhitektura-namenjena-coveku-i-milenija-marusic-i-podcast-sfera-i-ep-49","status":"publish","type":"post","link":"https:\/\/podcast.rs\/en\/arhitektura-namenjena-coveku-i-milenija-marusic-i-podcast-sfera-i-ep-49\/","title":{"rendered":"ARHITEKTURA NAMENJENA \u010cOVEKU I Milenija Maru\u0161i\u0107 I Podcast SFERA I EP 49"},"content":{"rendered":"<p>Dobrodo\u0161li u 49. epizodu SFERE, mesto susreta lokalnih kreativaca koji stvaraju bolji \u017eivotni prostor.Imali smo \u010dast da ugostimo, mo\u017eemo slobodno re\u0107i legendu jugoslovnesnke i srpske arhitekture \u2013 gospo\u0111u Milenija Maru\u0161i\u0107 (Valjevo, 1941.) Koleginica Maru\u0161i\u0107 \u010ditav svoj \u017eivot radi u Institutu za arhitekturu i urbanizam Srbije u Beogradu gde je u saradnji sa svojim suprugom, arhitektom profesorom Arhitektonskog fakulteta u Beogradu, Darkom Maru\u0161i\u0107em, autor mnogobrojnih arhitektonsko-urbanisti\u010dkih kompleksa i objekata kulture.U vi\u0161edecenijskoj karijeri, autorski i bra\u010dni par Maru\u0161i\u0107 specijalizovao se u oblasti stambene arhitekture, gde je i postigao najvi\u0161e rezultate i osvojio mnogobrojne presti\u017ene nagrade i priznanja \u2013 Oktobarsku nagradu grada Beograda, nagradu \u0110or\u0111e Tabakovi\u0107, nagradu Aleksej Brki\u0107 (ranije poznata kao nagrada SAS-a), nagradu Ranko Radovi\u0107, veliku nagradu za \u017eivotno delo Udru\u017eenja arhitekata Srbije (UAS), Velike nagrade udru\u017eenja ULUPUDS-a, priznanje Salona arhitekture u Beogradu, ali i najve\u0107e nagrada je po na\u0161em skromnom mi\u0161ljenju &#8211; priznanju ljudi i gra\u0111ana koji \u017eive u njihovim objektima i dalje.Njihovi objekti su pre svega prilago\u0111eni \u010doveku i zbog toga su progla\u0161avani za remek dela stambene arhitekture na na\u0161im prostorima. Muzej Savremene umetnosti MOMA u Njujorku na Izlo\u017ebi \u2019\u2019Concrete Utopia \u2013 Architecture of Yugoslavia 1945-1980\u2019\u2019 tokom 2018. i 2019. godine imao je izlo\u017een kompleks Cerak Vinograda, \u0161to mnogo govori o dometu i tragu koji je ostavio bra\u010dni par Maru\u0161i\u0107 u arhitekturi na\u0161eg podneblja.Sa Milenijom razgovarali smo o njenim po\u010detnim koracima na fakultetu i studijama uz budu\u0107eg supruga Darka u klasi Uro\u0161a Martinovi\u0107a, o prvim projektima (blok 22, 23, 30), projektima stanovanja i principima projektovanja ove tipologije nekad i sad, o konkretnim primerima beogradskog stana, o poduhvatu Cerak Vinogradi, urbanisti\u010dkoj postavci samog naselja, o urbanizmu Novog Beograda i blokovima 61-64, o zna\u010daju projektovanja de\u010dijih vrti\u0107a i \u0161koli, o pristupu arhitektonskim konkursima i kako su isti zastupljeni na trenutnoj arhitektonskoj sceni Srbije.Posetite i novi website fondacije arhitekata Milenije i Darka Maru\u0161i\u0107a gde se bli\u017ee mo\u017eete upoznati sa njihovom dugogodi\u0161njim radom i doprinosu na\u0161oj profesiji i dru\u0161tvu.https:\/\/mdmfondacija.org\/&#8230;.KREATIVNI TIM:Autori:Miljan SalataIgor Mikiti\u0161inNemanja Da\u010di\u0107Denis Turanovi\u0107&#8230;.Voditelj i urednik: Igor Mikiti\u0161in&#8230;.Vizuelni identitet: Denis Turanovi\u0107&#8230;.Direktor fotografije: Nemanja Da\u010di\u0107 &#8230;.Monta\u017ea i zvuk: Luka Juki\u0107 &#8230;.Social media content: Katalina Debelja\u010dki&#8230;.Dru\u0161tvene mre\u017ee:https:\/\/linktr.ee\/sfera_podcastZABRANJENO JE SVAKO KOPIRANJE I PREUZIMANJE, U DELOVIMA ILI U CELOSTI, BEZ ODOBRENJA AUTORA I PRODUKCIJE KOJA JE VLASNIK MATERIJALA.Podcast SFERA \ud83c\udf1a<\/p>","protected":false},"excerpt":{"rendered":"<p>Dobrodo\u0161li u 49. epizodu SFERE, mesto susreta lokalnih kreativaca koji stvaraju bolji \u017eivotni prostor.Imali smo \u010dast da ugostimo, mo\u017eemo slobodno re\u0107i legendu jugoslovnesnke i srpske arhitekture \u2013 gospo\u0111u Milenija Maru\u0161i\u0107 (Valjevo, 1941.) Koleginica Maru\u0161i\u0107 \u010ditav svoj \u017eivot radi u Institutu za arhitekturu i urbanizam Srbije u Beogradu gde je u saradnji sa svojim suprugom, arhitektom&#8230;<\/p>","protected":false},"author":3,"featured_media":69113,"comment_status":"close","ping_status":"closed","sticky":false,"template":"","format":"audio","meta":{"footnotes":""},"categories":[501],"tags":[],"class_list":["post-340793","post","type-post","status-publish","format-audio","has-post-thumbnail","hentry","category-sfera","post_format-post-format-audio"],"_links":{"self":[{"href":"https:\/\/podcast.rs\/en\/wp-json\/wp\/v2\/posts\/340793","targetHints":{"allow":["GET"]}}],"collection":[{"href":"https:\/\/podcast.rs\/en\/wp-json\/wp\/v2\/posts"}],"about":[{"href":"https:\/\/podcast.rs\/en\/wp-json\/wp\/v2\/types\/post"}],"author":[{"embeddable":true,"href":"https:\/\/podcast.rs\/en\/wp-json\/wp\/v2\/users\/3"}],"replies":[{"embeddable":true,"href":"https:\/\/podcast.rs\/en\/wp-json\/wp\/v2\/comments?post=340793"}],"version-history":[{"count":1,"href":"https:\/\/podcast.rs\/en\/wp-json\/wp\/v2\/posts\/340793\/revisions"}],"predecessor-version":[{"id":340794,"href":"https:\/\/podcast.rs\/en\/wp-json\/wp\/v2\/posts\/340793\/revisions\/340794"}],"wp:featuredmedia":[{"embeddable":true,"href":"https:\/\/podcast.rs\/en\/wp-json\/wp\/v2\/media\/69113"}],"wp:attachment":[{"href":"https:\/\/podcast.rs\/en\/wp-json\/wp\/v2\/media?parent=340793"}],"wp:term":[{"taxonomy":"category","embeddable":true,"href":"https:\/\/podcast.rs\/en\/wp-json\/wp\/v2\/categories?post=340793"},{"taxonomy":"post_tag","embeddable":true,"href":"https:\/\/podcast.rs\/en\/wp-json\/wp\/v2\/tags?post=340793"}],"curies":[{"name":"wp","href":"https:\/\/api.w.org\/{rel}","templated":true}]}}