{"id":33169,"date":"2016-05-11T18:00:00","date_gmt":"2016-05-11T16:00:00","guid":{"rendered":"https:\/\/podcast.rs\/?p=33169"},"modified":"2021-01-28T15:51:10","modified_gmt":"2021-01-28T13:51:10","slug":"80-iva-cukic","status":"publish","type":"post","link":"https:\/\/podcast.rs\/en\/80-iva-cukic\/","title":{"rendered":"#80 IVA \u010cUKI\u0106"},"content":{"rendered":"<p style=\"text-align:start\"><span style=\"font-size: 13px;font-family: Roboto, Helvetica, Arial, Verdana, sans-serif\">U trenutku kada se odigrava<\/span> <a href=\"https:\/\/www.facebook.com\/events\/241909386171679\/\" target=\"_blank\" rel=\"noopener\"><span style=\"font-size: 13px;font-family: Roboto, Helvetica, Arial, Verdana, sans-serif\"><ins>MASKE SU PALE \u2013 Protest protiv bahatih nasilnika na vlasti!<\/ins><\/span><\/a><span style=\"font-size: 13px;font-family: Roboto, Helvetica, Arial, Verdana, sans-serif\">, objavljujemo 80. Femkanje u kome gostuje Iva \u010cuki\u0107, arhitekta, osniva\u010dica i \u010dlanica kolektiva Ministarstvo prostora.<\/span><\/p>\n<p style=\"text-align:start\"><span style=\"font-size: 13px;font-family: Roboto, Helvetica, Arial, Verdana, sans-serif\">Sino\u0107 smo u dugometra\u017enom i uzbudljivom razgovoru sa ovom veoma anga\u017eovanom autorkom, poku\u0161ale da \u0161to detaljnije ispratimo razvoj i aktivnosti kolektiva Ministarstvo prostora, a samim tim i inicijative Ne davimo Beograd, Uli\u010dna galerija, ekspedicije Inex Film i drugih projekata na kojima je radila. U mno\u0161tvu tema uspele smo da popri\u010damo i o njenoj doktorskoj disertaciji \u201eUloga privremenih urbanih praksi u aktiviranju prostornih resursa\u201d koju uskoro brani na Arhitektonskom fakultetu u Beogradu.<\/span><\/p>\n<p style=\"text-align:start\"><span style=\"font-size: 13px;font-family: Roboto, Helvetica, Arial, Verdana, sans-serif\">U\u017eivajte i nadamo se da ste na protestu!<\/span><\/p>","protected":false},"excerpt":{"rendered":"<p>U trenutku kada se odigrava MASKE SU PALE \u2013 Protest protiv bahatih nasilnika na vlasti!, objavljujemo 80. Femkanje u kome gostuje Iva \u010cuki\u0107, arhitekta, osniva\u010dica i \u010dlanica kolektiva Ministarstvo prostora. Sino\u0107 smo u dugometra\u017enom i uzbudljivom razgovoru sa ovom veoma anga\u017eovanom autorkom, poku\u0161ale da \u0161to detaljnije ispratimo razvoj i aktivnosti kolektiva Ministarstvo prostora, a samim&#8230;<\/p>","protected":false},"author":3,"featured_media":540,"comment_status":"open","ping_status":"closed","sticky":false,"template":"","format":"audio","meta":{"footnotes":""},"categories":[39],"tags":[],"class_list":["post-33169","post","type-post","status-publish","format-audio","has-post-thumbnail","hentry","category-femkanje","post_format-post-format-audio"],"_links":{"self":[{"href":"https:\/\/podcast.rs\/en\/wp-json\/wp\/v2\/posts\/33169","targetHints":{"allow":["GET"]}}],"collection":[{"href":"https:\/\/podcast.rs\/en\/wp-json\/wp\/v2\/posts"}],"about":[{"href":"https:\/\/podcast.rs\/en\/wp-json\/wp\/v2\/types\/post"}],"author":[{"embeddable":true,"href":"https:\/\/podcast.rs\/en\/wp-json\/wp\/v2\/users\/3"}],"replies":[{"embeddable":true,"href":"https:\/\/podcast.rs\/en\/wp-json\/wp\/v2\/comments?post=33169"}],"version-history":[{"count":0,"href":"https:\/\/podcast.rs\/en\/wp-json\/wp\/v2\/posts\/33169\/revisions"}],"wp:featuredmedia":[{"embeddable":true,"href":"https:\/\/podcast.rs\/en\/wp-json\/wp\/v2\/media\/540"}],"wp:attachment":[{"href":"https:\/\/podcast.rs\/en\/wp-json\/wp\/v2\/media?parent=33169"}],"wp:term":[{"taxonomy":"category","embeddable":true,"href":"https:\/\/podcast.rs\/en\/wp-json\/wp\/v2\/categories?post=33169"},{"taxonomy":"post_tag","embeddable":true,"href":"https:\/\/podcast.rs\/en\/wp-json\/wp\/v2\/tags?post=33169"}],"curies":[{"name":"wp","href":"https:\/\/api.w.org\/{rel}","templated":true}]}}