{"id":328365,"date":"2025-05-23T09:26:00","date_gmt":"2025-05-23T07:26:00","guid":{"rendered":"https:\/\/podcast.rs\/formiranje-nove-nemacke-vlade-i-njeni-prvi-koraci\/"},"modified":"2025-05-23T09:26:00","modified_gmt":"2025-05-23T07:26:00","slug":"formiranje-nove-nemacke-vlade-i-njeni-prvi-koraci","status":"publish","type":"post","link":"https:\/\/podcast.rs\/en\/formiranje-nove-nemacke-vlade-i-njeni-prvi-koraci\/","title":{"rendered":"Formiranje nove nema\u010dke Vlade i njeni prvi koraci"},"content":{"rendered":"<p>Koalicioni sporazum, izbor kancelara, polo\u017eaj Nema\u010dke u svetu.<\/p>","protected":false},"excerpt":{"rendered":"<p>Koalicioni sporazum, izbor kancelara, polo\u017eaj Nema\u010dke u svetu.<\/p>","protected":false},"author":3,"featured_media":85737,"comment_status":"","ping_status":"closed","sticky":false,"template":"","format":"standard","meta":{"footnotes":""},"categories":[539],"tags":[],"class_list":["post-328365","post","type-post","status-publish","format-standard","has-post-thumbnail","hentry","category-rajsferslus"],"_links":{"self":[{"href":"https:\/\/podcast.rs\/en\/wp-json\/wp\/v2\/posts\/328365","targetHints":{"allow":["GET"]}}],"collection":[{"href":"https:\/\/podcast.rs\/en\/wp-json\/wp\/v2\/posts"}],"about":[{"href":"https:\/\/podcast.rs\/en\/wp-json\/wp\/v2\/types\/post"}],"author":[{"embeddable":true,"href":"https:\/\/podcast.rs\/en\/wp-json\/wp\/v2\/users\/3"}],"replies":[{"embeddable":true,"href":"https:\/\/podcast.rs\/en\/wp-json\/wp\/v2\/comments?post=328365"}],"version-history":[{"count":0,"href":"https:\/\/podcast.rs\/en\/wp-json\/wp\/v2\/posts\/328365\/revisions"}],"wp:featuredmedia":[{"embeddable":true,"href":"https:\/\/podcast.rs\/en\/wp-json\/wp\/v2\/media\/85737"}],"wp:attachment":[{"href":"https:\/\/podcast.rs\/en\/wp-json\/wp\/v2\/media?parent=328365"}],"wp:term":[{"taxonomy":"category","embeddable":true,"href":"https:\/\/podcast.rs\/en\/wp-json\/wp\/v2\/categories?post=328365"},{"taxonomy":"post_tag","embeddable":true,"href":"https:\/\/podcast.rs\/en\/wp-json\/wp\/v2\/tags?post=328365"}],"curies":[{"name":"wp","href":"https:\/\/api.w.org\/{rel}","templated":true}]}}