{"id":32434,"date":"2021-01-09T01:13:26","date_gmt":"2021-01-09T00:13:26","guid":{"rendered":"https:\/\/podcast.rs\/?p=32434"},"modified":"2021-01-09T09:38:57","modified_gmt":"2021-01-09T07:38:57","slug":"tehnopolis-112-iphone-12-i-ipad-air","status":"publish","type":"post","link":"https:\/\/podcast.rs\/en\/tehnopolis-112-iphone-12-i-ipad-air\/","title":{"rendered":"Tehnopolis 112: iPhone 12 i iPad Air"},"content":{"rendered":"<p><img decoding=\"async\" src=\"http:\/\/www.b92.net\/news\/pics\/video\/2021\/01\/09\/1137773595ff8fa8b29734260444203_144x144x42042000.jpg\" align=\"right\" hspace=\"20\" vspace=\"20\" border=\"0\" title=\"Tehnopolis 112: iPhone 12 i iPad Air\" alt=\"Tehnopolis 112: iPhone 12 i iPad Air\" \/><\/p>\n<p>Pet ure\u0111aja za prvu epizodu u 2021, svih pet Appleovih. Jedan iPad i \u010detiri iPhonea. <\/p>\n<p> Prvi put u novoj godini sa stvarima iz stare, i dalje se borimo sa starim vestima i starim problemima, zbog kojih je tradicija ove godine morala da bude prekinuta. CES po\u010dinje malo kasnije, taman da stigne za drugu epizodu u 2021, a do tada bavimo se ure\u0111ajima sa kojima smo proveli prethodne nedelje. <\/p>\n<p> Ponuda je u ovom krugu vi\u0161e nego raznovrsna, naro\u010dito imaju\u0107i u vidu sve modele koje novi \u017eele i mogu da naslede. Unakrsna paljba po novom iPad Airu i sva \u010detiri iPhonea 12 daje odgovore na to za koga su ovi ure\u0111aji i kako da se sna\u0111ete okru\u017eeni sa \u010dak \u010detiri nova iPhonea. <\/p>\n<p> Hvala na slu\u0161anju! <\/p>\n<p> <strong>Pratite Tehnopolis podcast:<\/strong><br \/> <a href=\"https:\/\/www.b92.net\/podcast\/tehnopolis\/feed\/\" target=\"_blank\" rel=\"noopener\">RSS<\/a><br \/> <a href=\"https:\/\/podcasts.apple.com\/podcast\/tehnopolis\/id1185520336?mt=2\" target=\"_blank\" rel=\"noopener\">Apple Podcasts<\/a><br \/> <a href=\"https:\/\/podcasts.google.com\/?feed=aHR0cHM6Ly93d3cuYjkyLm5ldC9wb2RjYXN0L3RlaG5vcG9saXMvZmVlZC8%3D\" target=\"_blank\" rel=\"noopener\">Google Podcasts<\/a> <\/p>\n<p> Aleksandar Miladinovi\u0107 <a href=\"https:\/\/twitter.com\/alexmiladinovic\" target=\"_blank\" rel=\"noopener\">@alexmiladinovic<\/a><br \/> Ivan Jeli\u0107 <a href=\"https:\/\/twitter.com\/escapetofreedom\" target=\"_blank\" rel=\"noopener\">@escapetofreedom<\/a><\/p>","protected":false},"excerpt":{"rendered":"<p>Pet ure\u0111aja za prvu epizodu u 2021, svih pet Appleovih. Jedan iPad i \u010detiri iPhonea. Prvi put u novoj godini sa stvarima iz stare, i dalje se borimo sa starim vestima i starim problemima, zbog kojih je tradicija ove godine morala da bude prekinuta. CES po\u010dinje malo kasnije, taman da stigne za drugu epizodu u&#8230;<\/p>","protected":false},"author":3,"featured_media":4030,"comment_status":"open","ping_status":"closed","sticky":false,"template":"","format":"audio","meta":{"footnotes":""},"categories":[68],"tags":[],"class_list":["post-32434","post","type-post","status-publish","format-audio","has-post-thumbnail","hentry","category-tehnopolis","post_format-post-format-audio"],"_links":{"self":[{"href":"https:\/\/podcast.rs\/en\/wp-json\/wp\/v2\/posts\/32434","targetHints":{"allow":["GET"]}}],"collection":[{"href":"https:\/\/podcast.rs\/en\/wp-json\/wp\/v2\/posts"}],"about":[{"href":"https:\/\/podcast.rs\/en\/wp-json\/wp\/v2\/types\/post"}],"author":[{"embeddable":true,"href":"https:\/\/podcast.rs\/en\/wp-json\/wp\/v2\/users\/3"}],"replies":[{"embeddable":true,"href":"https:\/\/podcast.rs\/en\/wp-json\/wp\/v2\/comments?post=32434"}],"version-history":[{"count":0,"href":"https:\/\/podcast.rs\/en\/wp-json\/wp\/v2\/posts\/32434\/revisions"}],"wp:featuredmedia":[{"embeddable":true,"href":"https:\/\/podcast.rs\/en\/wp-json\/wp\/v2\/media\/4030"}],"wp:attachment":[{"href":"https:\/\/podcast.rs\/en\/wp-json\/wp\/v2\/media?parent=32434"}],"wp:term":[{"taxonomy":"category","embeddable":true,"href":"https:\/\/podcast.rs\/en\/wp-json\/wp\/v2\/categories?post=32434"},{"taxonomy":"post_tag","embeddable":true,"href":"https:\/\/podcast.rs\/en\/wp-json\/wp\/v2\/tags?post=32434"}],"curies":[{"name":"wp","href":"https:\/\/api.w.org\/{rel}","templated":true}]}}