{"id":30913,"date":"2020-12-03T12:17:43","date_gmt":"2020-12-03T11:17:43","guid":{"rendered":"https:\/\/podcast.rs\/?p=30913"},"modified":"2020-12-03T14:17:38","modified_gmt":"2020-12-03T12:17:38","slug":"inspiration-communication-panel-inspiracija-i-komunikacija","status":"publish","type":"post","link":"https:\/\/podcast.rs\/en\/inspiration-communication-panel-inspiracija-i-komunikacija\/","title":{"rendered":"Inspiration &amp; Communication &#8211; PANEL &#8211; Inspiracija i komunikacija"},"content":{"rendered":"<p style=\"text-align:start\"><span style=\"font-size: medium;font-family: Calibri, sans-serif\">Moderator:<\/span>&nbsp;<\/p>\n<p style=\"text-align:start\"><span style=\"font-size: medium;font-family: Calibri, sans-serif\">Aradi Vladimir Huba, u\u010denik IV razreda Gimnazije ,,Isidora Sekuli\u0107\u201d, Novi Sad<\/span><\/p>\n<p style=\"text-align:start\"><span style=\"font-size: medium;font-family: Calibri, sans-serif\">Sagovornici:<\/span><\/p>\n<p style=\"text-align:start\"><span style=\"font-size: medium;font-family: Calibri, sans-serif\">Damir Male\u0161ev, profesor filozofije, Gimnazija ,,Isidora Sekuli\u0107\u201c, Novi Sad<\/span><\/p>\n<p style=\"text-align:start\"><span style=\"font-size: medium;font-family: Calibri, sans-serif\">Jelena Kne\u017eevi\u0107, profesorka sociologije, Gimnazija ,,Isidora Sekuli\u0107\u201c, Novi Sad<\/span><\/p>\n<p style=\"text-align:start\"><span style=\"font-size: medium;font-family: Calibri, sans-serif\">Mia Nedeljkovi\u0107, u\u010denica IV razreda Gimnazije ,,Isidora Sekuli\u0107\u201c, Novi Sad<\/span><\/p>\n<p style=\"text-align:start\"><span style=\"font-size: medium;font-family: Calibri, sans-serif\">Ljiljana Nikoli\u0107, profesorka gra\u0111anskog vaspitanja, Gimnazija ,,Isidora Sekuli\u0107\u201c, Novi Sad<\/span><\/p>\n<p style=\"text-align:start\">&nbsp;<span style=\"font-size: medium;font-family: Calibri, sans-serif\">Vi\u0161e o gimnaziji ,,Isidora Sekuli\u0107&#8220; mo\u017eete na\u0107i na slede\u0107em linku: http:\/\/www.gimnazis.edu.rs\/<\/span><\/p>\n<p style=\"text-align:start\">\n<p style=\"text-align:start\"><span style=\"font-size: medium;font-family: Calibri, sans-serif\">Moderator:<\/span><\/p>\n<p style=\"text-align:start\"><span style=\"font-size: medium;font-family: Calibri, sans-serif\">Aradi Vladimir Huba, 4th-grade student, Grammar School \u2018Isidora Sekuli\u0107\u2019, Novi Sad<\/span><\/p>\n<p style=\"text-align:start\"><span style=\"font-size: medium;font-family: Calibri, sans-serif\">Speakers:<\/span><\/p>\n<p style=\"text-align:start\"><span style=\"font-size: medium;font-family: Calibri, sans-serif\">Damir Male\u0161ev, Philosophy teacher, Grammar School \u2018Isidora Sekuli\u0107\u2019, Novi Sa<\/span><\/p>\n<p style=\"text-align:start\"><span style=\"font-size: medium;font-family: Calibri, sans-serif\">Jelena Kne\u017eevi\u0107, Sociology teacher, Grammar School \u2018Isidora Sekuli\u0107\u2019, Novi Sad<\/span><\/p>\n<p style=\"text-align:start\"><span style=\"font-size: medium;font-family: Calibri, sans-serif\">Mia Nedeljkovi\u0107, 4th-grade student, Grammar School \u2018Isidora Sekuli\u0107\u2019, Novi Sad<\/span><\/p>\n<p style=\"text-align:start\"><span style=\"font-size: medium;font-family: Calibri, sans-serif\">Ljiljana Nikoli\u0107, Civic Education teacher, Grammar School \u2018Isidora Sekuli\u0107\u2019, Novi Sad<\/span><\/p>\n<p style=\"text-align:start\">&nbsp;<span style=\"font-size: medium;font-family: Calibri, sans-serif\">More about the Grammar School &#8216;Isidora Sekuli\u0107&#8217; on the following link http:\/\/www.gimnazis.edu.rs\/<\/span><\/p>","protected":false},"excerpt":{"rendered":"<p>Moderator:&nbsp; Aradi Vladimir Huba, u\u010denik IV razreda Gimnazije ,,Isidora Sekuli\u0107\u201d, Novi Sad Sagovornici: Damir Male\u0161ev, profesor filozofije, Gimnazija ,,Isidora Sekuli\u0107\u201c, Novi Sad Jelena Kne\u017eevi\u0107, profesorka sociologije, Gimnazija ,,Isidora Sekuli\u0107\u201c, Novi Sad Mia Nedeljkovi\u0107, u\u010denica IV razreda Gimnazije ,,Isidora Sekuli\u0107\u201c, Novi Sad Ljiljana Nikoli\u0107, profesorka gra\u0111anskog vaspitanja, Gimnazija ,,Isidora Sekuli\u0107\u201c, Novi Sad &nbsp;Vi\u0161e o gimnaziji ,,Isidora&#8230;<\/p>","protected":false},"author":3,"featured_media":30905,"comment_status":"open","ping_status":"closed","sticky":false,"template":"","format":"audio","meta":{"footnotes":""},"categories":[222],"tags":[],"class_list":["post-30913","post","type-post","status-publish","format-audio","has-post-thumbnail","hentry","category-european-conference-devoted-to-minority-local-media","post_format-post-format-audio"],"_links":{"self":[{"href":"https:\/\/podcast.rs\/en\/wp-json\/wp\/v2\/posts\/30913","targetHints":{"allow":["GET"]}}],"collection":[{"href":"https:\/\/podcast.rs\/en\/wp-json\/wp\/v2\/posts"}],"about":[{"href":"https:\/\/podcast.rs\/en\/wp-json\/wp\/v2\/types\/post"}],"author":[{"embeddable":true,"href":"https:\/\/podcast.rs\/en\/wp-json\/wp\/v2\/users\/3"}],"replies":[{"embeddable":true,"href":"https:\/\/podcast.rs\/en\/wp-json\/wp\/v2\/comments?post=30913"}],"version-history":[{"count":0,"href":"https:\/\/podcast.rs\/en\/wp-json\/wp\/v2\/posts\/30913\/revisions"}],"wp:featuredmedia":[{"embeddable":true,"href":"https:\/\/podcast.rs\/en\/wp-json\/wp\/v2\/media\/30905"}],"wp:attachment":[{"href":"https:\/\/podcast.rs\/en\/wp-json\/wp\/v2\/media?parent=30913"}],"wp:term":[{"taxonomy":"category","embeddable":true,"href":"https:\/\/podcast.rs\/en\/wp-json\/wp\/v2\/categories?post=30913"},{"taxonomy":"post_tag","embeddable":true,"href":"https:\/\/podcast.rs\/en\/wp-json\/wp\/v2\/tags?post=30913"}],"curies":[{"name":"wp","href":"https:\/\/api.w.org\/{rel}","templated":true}]}}