{"id":285832,"date":"2025-05-10T11:27:12","date_gmt":"2025-05-10T09:27:12","guid":{"rendered":"https:\/\/podcast.rs\/?p=285832"},"modified":"2025-05-10T13:02:14","modified_gmt":"2025-05-10T11:02:14","slug":"vucicevi-politicki-zatvorenici","status":"publish","type":"post","link":"https:\/\/podcast.rs\/en\/vucicevi-politicki-zatvorenici\/","title":{"rendered":"Vu\u010di\u0107evi politi\u010dki zatvorenici"},"content":{"rendered":"<p>9.5.2025. u Novom Sadu je odr\u017eana konferencija za novinare tima pravnih branilaca politi\u010dkih zatvorenika Marije Vasi\u0107, Lade Jovovi\u0107, Mladena Cvijeti\u0107a, Davora Stefanovi\u0107a, Sr\u0111ana \u0110uri\u0107a i Lazara Dini\u0107a. Govore njihovi advokati Vladimir Horovic, \u017deljko Ko\u010di\u0107, Veljko Mili\u0107, Filip Lazi\u0107 i Aleksandar Petrovi\u0107.<\/p>","protected":false},"excerpt":{"rendered":"<p>9.5.2025. u Novom Sadu je odr\u017eana konferencija za novinare tima pravnih branilaca politi\u010dkih zatvorenika Marije Vasi\u0107, Lade Jovovi\u0107, Mladena Cvijeti\u0107a, Davora Stefanovi\u0107a, Sr\u0111ana \u0110uri\u0107a i Lazara Dini\u0107a. Govore njihovi advokati Vladimir Horovic, \u017deljko Ko\u010di\u0107, Veljko Mili\u0107, Filip Lazi\u0107 i Aleksandar Petrovi\u0107.<\/p>","protected":false},"author":3,"featured_media":6194,"comment_status":"close","ping_status":"closed","sticky":false,"template":"","format":"audio","meta":{"footnotes":""},"categories":[71],"tags":[],"class_list":["post-285832","post","type-post","status-publish","format-audio","has-post-thumbnail","hentry","category-pescanik","post_format-post-format-audio"],"_links":{"self":[{"href":"https:\/\/podcast.rs\/en\/wp-json\/wp\/v2\/posts\/285832","targetHints":{"allow":["GET"]}}],"collection":[{"href":"https:\/\/podcast.rs\/en\/wp-json\/wp\/v2\/posts"}],"about":[{"href":"https:\/\/podcast.rs\/en\/wp-json\/wp\/v2\/types\/post"}],"author":[{"embeddable":true,"href":"https:\/\/podcast.rs\/en\/wp-json\/wp\/v2\/users\/3"}],"replies":[{"embeddable":true,"href":"https:\/\/podcast.rs\/en\/wp-json\/wp\/v2\/comments?post=285832"}],"version-history":[{"count":1,"href":"https:\/\/podcast.rs\/en\/wp-json\/wp\/v2\/posts\/285832\/revisions"}],"predecessor-version":[{"id":285833,"href":"https:\/\/podcast.rs\/en\/wp-json\/wp\/v2\/posts\/285832\/revisions\/285833"}],"wp:featuredmedia":[{"embeddable":true,"href":"https:\/\/podcast.rs\/en\/wp-json\/wp\/v2\/media\/6194"}],"wp:attachment":[{"href":"https:\/\/podcast.rs\/en\/wp-json\/wp\/v2\/media?parent=285832"}],"wp:term":[{"taxonomy":"category","embeddable":true,"href":"https:\/\/podcast.rs\/en\/wp-json\/wp\/v2\/categories?post=285832"},{"taxonomy":"post_tag","embeddable":true,"href":"https:\/\/podcast.rs\/en\/wp-json\/wp\/v2\/tags?post=285832"}],"curies":[{"name":"wp","href":"https:\/\/api.w.org\/{rel}","templated":true}]}}