{"id":280182,"date":"2025-05-08T16:09:26","date_gmt":"2025-05-08T14:09:26","guid":{"rendered":"https:\/\/podcast.rs\/ep06-o-turi-do-strazbura-i-aktuelnostima-u-srbiji\/"},"modified":"2025-05-08T16:09:26","modified_gmt":"2025-05-08T14:09:26","slug":"ep06-o-turi-do-strazbura-i-aktuelnostima-u-srbiji","status":"publish","type":"post","link":"https:\/\/podcast.rs\/en\/ep06-o-turi-do-strazbura-i-aktuelnostima-u-srbiji\/","title":{"rendered":"Ep06: O turi do Strazbura i aktuelnostima u Srbiji"},"content":{"rendered":"<p>Vrednosti se ne brane tvitovanjem i ritvitovanjem. Biti hrabar u borbi do cilja ne zna\u010di deliti slike sa protesta iz toplog kreveta. Nove dimenzije hrabrosti i zalaganja za vrednosti pokazalo je 80 biciklista i biciklistkinja, koji su na to\u010dkovima pre\u0161li 1.471 kilometar od Novog Sada do Strazbura kako bi zatra\u017eili pomo\u0107 od evropskih institucija usled krize u Srbiji. Biciklista Igor Jovanovi\u0107, student Ekonomskog fakulteta Univerziteta u Beogradu i novinar televizije Nova S, Radovan Seratli\u0107, koji je 13 dana u jednoj ruci imao guvernalu, a u drugoj mikrofon, gosti su specijalne epizode Dnevnika. Pored razgovora o turi do Strazbura, \u010du\u0107e\u0161 i njihove stavove o aktuelnim dru\u0161tveno-politi\u010dkim temama. <\/p>","protected":false},"excerpt":{"rendered":"<p>Vrednosti se ne brane tvitovanjem i ritvitovanjem. Biti hrabar u borbi do cilja ne zna\u010di deliti slike sa protesta iz toplog kreveta. Nove dimenzije hrabrosti i zalaganja za vrednosti pokazalo je 80 biciklista i biciklistkinja, koji su na to\u010dkovima pre\u0161li 1.471 kilometar od Novog Sada do Strazbura kako bi zatra\u017eili pomo\u0107 od evropskih institucija usled&#8230;<\/p>","protected":false},"author":4,"featured_media":148154,"comment_status":"","ping_status":"closed","sticky":false,"template":"","format":"standard","meta":{"footnotes":""},"categories":[649],"tags":[],"class_list":["post-280182","post","type-post","status-publish","format-standard","has-post-thumbnail","hentry","category-dnevnik-jedne-mladosti"],"_links":{"self":[{"href":"https:\/\/podcast.rs\/en\/wp-json\/wp\/v2\/posts\/280182","targetHints":{"allow":["GET"]}}],"collection":[{"href":"https:\/\/podcast.rs\/en\/wp-json\/wp\/v2\/posts"}],"about":[{"href":"https:\/\/podcast.rs\/en\/wp-json\/wp\/v2\/types\/post"}],"author":[{"embeddable":true,"href":"https:\/\/podcast.rs\/en\/wp-json\/wp\/v2\/users\/4"}],"replies":[{"embeddable":true,"href":"https:\/\/podcast.rs\/en\/wp-json\/wp\/v2\/comments?post=280182"}],"version-history":[{"count":0,"href":"https:\/\/podcast.rs\/en\/wp-json\/wp\/v2\/posts\/280182\/revisions"}],"wp:featuredmedia":[{"embeddable":true,"href":"https:\/\/podcast.rs\/en\/wp-json\/wp\/v2\/media\/148154"}],"wp:attachment":[{"href":"https:\/\/podcast.rs\/en\/wp-json\/wp\/v2\/media?parent=280182"}],"wp:term":[{"taxonomy":"category","embeddable":true,"href":"https:\/\/podcast.rs\/en\/wp-json\/wp\/v2\/categories?post=280182"},{"taxonomy":"post_tag","embeddable":true,"href":"https:\/\/podcast.rs\/en\/wp-json\/wp\/v2\/tags?post=280182"}],"curies":[{"name":"wp","href":"https:\/\/api.w.org\/{rel}","templated":true}]}}