{"id":279274,"date":"2025-05-08T08:38:42","date_gmt":"2025-05-08T06:38:42","guid":{"rendered":"https:\/\/podcast.rs\/nem-vesz-el-csak-atalakul\/"},"modified":"2025-05-08T08:38:42","modified_gmt":"2025-05-08T06:38:42","slug":"nem-vesz-el-csak-atalakul","status":"publish","type":"post","link":"https:\/\/podcast.rs\/en\/nem-vesz-el-csak-atalakul\/","title":{"rendered":"Nem v\u00e9sz el, csak \u00e1talakul"},"content":{"rendered":"<p>\u201eSemmi sem \u00e1lland\u00f3, csak a v\u00e1ltoz\u00e1s maga\u201d \u2013 \u00edgy volt ez id\u0151sz\u00e1m\u00edt\u00e1sunk el\u0151tt 550 \u00e9vvel is, amikor Epheszoszi H\u00e9rakleitosz filoz\u00f3fus fej\u00e9b\u0151l kipattant ez a kijelent\u00e9s, \u00e9s \u00edgy van ez ma is, csak k\u00f6zben elrep\u00fclt k\u00e9t \u00e9s f\u00e9l \u00e9vezred az emberis\u00e9gi <a href=\"https:\/\/podcast.szabadmagyarszo.com\/podcast\/nem-vesz-el-csak-atalakul\/\"> Read more\u2026<\/a><\/p>","protected":false},"excerpt":{"rendered":"<p>\u201eSemmi sem \u00e1lland\u00f3, csak a v\u00e1ltoz\u00e1s maga\u201d \u2013 \u00edgy volt ez id\u0151sz\u00e1m\u00edt\u00e1sunk el\u0151tt 550 \u00e9vvel is, amikor Epheszoszi H\u00e9rakleitosz filoz\u00f3fus fej\u00e9b\u0151l kipattant ez a kijele<\/p>","protected":false},"author":4,"featured_media":279275,"comment_status":"","ping_status":"closed","sticky":false,"template":"","format":"standard","meta":{"footnotes":""},"categories":[588],"tags":[],"class_list":["post-279274","post","type-post","status-publish","format-standard","has-post-thumbnail","hentry","category-szabad-magyar-szo"],"_links":{"self":[{"href":"https:\/\/podcast.rs\/en\/wp-json\/wp\/v2\/posts\/279274","targetHints":{"allow":["GET"]}}],"collection":[{"href":"https:\/\/podcast.rs\/en\/wp-json\/wp\/v2\/posts"}],"about":[{"href":"https:\/\/podcast.rs\/en\/wp-json\/wp\/v2\/types\/post"}],"author":[{"embeddable":true,"href":"https:\/\/podcast.rs\/en\/wp-json\/wp\/v2\/users\/4"}],"replies":[{"embeddable":true,"href":"https:\/\/podcast.rs\/en\/wp-json\/wp\/v2\/comments?post=279274"}],"version-history":[{"count":0,"href":"https:\/\/podcast.rs\/en\/wp-json\/wp\/v2\/posts\/279274\/revisions"}],"wp:featuredmedia":[{"embeddable":true,"href":"https:\/\/podcast.rs\/en\/wp-json\/wp\/v2\/media\/279275"}],"wp:attachment":[{"href":"https:\/\/podcast.rs\/en\/wp-json\/wp\/v2\/media?parent=279274"}],"wp:term":[{"taxonomy":"category","embeddable":true,"href":"https:\/\/podcast.rs\/en\/wp-json\/wp\/v2\/categories?post=279274"},{"taxonomy":"post_tag","embeddable":true,"href":"https:\/\/podcast.rs\/en\/wp-json\/wp\/v2\/tags?post=279274"}],"curies":[{"name":"wp","href":"https:\/\/api.w.org\/{rel}","templated":true}]}}