{"id":263686,"date":"2025-05-02T10:01:22","date_gmt":"2025-05-02T08:01:22","guid":{"rendered":"https:\/\/podcast.rs\/zeljka-veverec-music-makes-you-mangroove\/"},"modified":"2025-05-02T10:01:22","modified_gmt":"2025-05-02T08:01:22","slug":"zeljka-veverec-music-makes-you-mangroove","status":"publish","type":"post","link":"https:\/\/podcast.rs\/en\/zeljka-veverec-music-makes-you-mangroove\/","title":{"rendered":"\u017deljka Veverec &#8211; Music makes you (Man)groove"},"content":{"rendered":"<p>Mangroove godinama hrani publiku svojim koktelima soula, funka, jazza i popa, a kraj ove godine obilje\u017eiti \u0107e koncertom u zagreba\u010dkom klubu Boogaloo, 7. studenog 2025. i tada \u0107e publici predstaviti svoj novi album.<\/p>\n<p>\u017deljka Veverec, dobro poznati vokal benda i polovica Mangroove-a uz Tonija Stare\u0161ini\u0107a, i izvan benda (kao i Toni :)), gradi svoju solo karijeru pod imenom Je Veux.<\/p>\n<p>Glazbeni sladokusci su po\u010detkom godine kona\u010dno do\u010dekali i njihovu suradnju sa Mayalesima na pjesmi Komad neba.<\/p>\n<p>Novi album se kuha i dok \u010dekamo kako \u0107e nam ovaj put upakirati svoje omiljene elemente svemira i ljubavi, razgovarali smo sa \u017deljkom o procesu stvaranja, \u0161to slu\u0161a, kako se snalazi u vremenima kad glazbu mo\u017eemo doslovce slu\u0161ati i na svom satu, \u0161to je stalno vra\u0107a glazbi da se s njom bavi i postoji li neki stage gdje bi htjela teleportirati Mangroove \ud83d\ude42<\/p>","protected":false},"excerpt":{"rendered":"<p>Mangroove godinama hrani publiku svojim koktelima soula, funka, jazza i popa, a kraj ove godine obilje\u017eiti \u0107e koncertom u zagreba\u010dkom klubu Boogaloo, 7. studenog 2025. i tada \u0107e publici predstaviti svoj novi album. \u017deljka Veverec, dobro poznati vokal benda i polovica Mangroove-a uz Tonija Stare\u0161ini\u0107a, i izvan benda (kao i Toni :)), gradi svoju solo&#8230;<\/p>","protected":false},"author":3,"featured_media":81143,"comment_status":"","ping_status":"closed","sticky":false,"template":"","format":"standard","meta":{"footnotes":""},"categories":[527],"tags":[],"class_list":["post-263686","post","type-post","status-publish","format-standard","has-post-thumbnail","hentry","category-gram-kulture"],"_links":{"self":[{"href":"https:\/\/podcast.rs\/en\/wp-json\/wp\/v2\/posts\/263686","targetHints":{"allow":["GET"]}}],"collection":[{"href":"https:\/\/podcast.rs\/en\/wp-json\/wp\/v2\/posts"}],"about":[{"href":"https:\/\/podcast.rs\/en\/wp-json\/wp\/v2\/types\/post"}],"author":[{"embeddable":true,"href":"https:\/\/podcast.rs\/en\/wp-json\/wp\/v2\/users\/3"}],"replies":[{"embeddable":true,"href":"https:\/\/podcast.rs\/en\/wp-json\/wp\/v2\/comments?post=263686"}],"version-history":[{"count":0,"href":"https:\/\/podcast.rs\/en\/wp-json\/wp\/v2\/posts\/263686\/revisions"}],"wp:featuredmedia":[{"embeddable":true,"href":"https:\/\/podcast.rs\/en\/wp-json\/wp\/v2\/media\/81143"}],"wp:attachment":[{"href":"https:\/\/podcast.rs\/en\/wp-json\/wp\/v2\/media?parent=263686"}],"wp:term":[{"taxonomy":"category","embeddable":true,"href":"https:\/\/podcast.rs\/en\/wp-json\/wp\/v2\/categories?post=263686"},{"taxonomy":"post_tag","embeddable":true,"href":"https:\/\/podcast.rs\/en\/wp-json\/wp\/v2\/tags?post=263686"}],"curies":[{"name":"wp","href":"https:\/\/api.w.org\/{rel}","templated":true}]}}