{"id":25999,"date":"2020-10-21T14:49:47","date_gmt":"2020-10-21T12:49:47","guid":{"rendered":"https:\/\/podcast.rs\/?p=25999"},"modified":"2020-10-21T15:34:51","modified_gmt":"2020-10-21T13:34:51","slug":"podcast-penal-ep-03-niste-verovali-u-tumbu-a-ko-nam-je-oteo-derbi","status":"publish","type":"post","link":"https:\/\/podcast.rs\/en\/podcast-penal-ep-03-niste-verovali-u-tumbu-a-ko-nam-je-oteo-derbi\/","title":{"rendered":"Podcast \u201cPen\u00e2l\u201d EP 03 &#8211;  Niste verovali u Tumbu, a ko nam je oteo derbi"},"content":{"rendered":"<p>Tema tre\u0107e epizode podkasta \u201cPen\u00e2l\u201d \u010disto je fudbalska. Reprezentacija je pokazala inat, pobedila u Oslu i igra\u0107e finale bara\u017ea za \u0160kotskom (12. novembar) u Beogradu za plasman na Evropsko prvenstvo.<br \/>\nA, mi smo sve bili pogodili, kao i selektor Ljubi\u0161a Tumbakovi\u0107, a posle je do\u0161lo do &#8222;emotivnog pra\u017enjenja&#8220; i neslavnih partija i rezultata protiv Ma\u0111arske, kod ku\u0107e, i Turske, u gostima, u nastavku Lige nacija.<br \/>\n\u0160ta je sve vi\u0111eno pre, za vreme i posle derbija, a nije fudbal, bolje da se nije dogodilo i neko nam je definitivno ukrao svetkovinu srpskog fudbala. Partizan i Crvena zvezda, odnosno njihovi \u010delnici, ne pona\u0161aju u skladu sa renomeom kluba, ukaljali su derbi i nadamo se da \u0107e nam ga uskoro vratiti. Do tada, imamo sjajne partije i \u010duda fudbalskih internacionalaca u evropskom fudbalu, \u010dije \u0107e \u010dari i Zvezda osetiti u Hofenhajmu na startu Lige Evrope.<br \/>\nO svemu tome razgovarali su novinar sportske redakcije Nova.rs Spasoje Veselinovi\u0107 i zamenik urednika Neboj\u0161a Todorovi\u0107.<\/p>","protected":false},"excerpt":{"rendered":"<p>Tema tre\u0107e epizode podkasta \u201cPen\u00e2l\u201d \u010disto je fudbalska. Reprezentacija je pokazala inat, pobedila u Oslu i igra\u0107e finale bara\u017ea za \u0160kotskom (12. novembar) u Beogradu za plasman na Evropsko prvenstvo. A, mi smo sve bili pogodili, kao i selektor Ljubi\u0161a Tumbakovi\u0107, a posle je do\u0161lo do &#8222;emotivnog pra\u017enjenja&#8220; i neslavnih partija i rezultata protiv Ma\u0111arske,&#8230;<\/p>","protected":false},"author":3,"featured_media":22672,"comment_status":"open","ping_status":"closed","sticky":false,"template":"","format":"audio","meta":{"footnotes":""},"categories":[199],"tags":[],"class_list":["post-25999","post","type-post","status-publish","format-audio","has-post-thumbnail","hentry","category-nova-rs","post_format-post-format-audio"],"_links":{"self":[{"href":"https:\/\/podcast.rs\/en\/wp-json\/wp\/v2\/posts\/25999","targetHints":{"allow":["GET"]}}],"collection":[{"href":"https:\/\/podcast.rs\/en\/wp-json\/wp\/v2\/posts"}],"about":[{"href":"https:\/\/podcast.rs\/en\/wp-json\/wp\/v2\/types\/post"}],"author":[{"embeddable":true,"href":"https:\/\/podcast.rs\/en\/wp-json\/wp\/v2\/users\/3"}],"replies":[{"embeddable":true,"href":"https:\/\/podcast.rs\/en\/wp-json\/wp\/v2\/comments?post=25999"}],"version-history":[{"count":0,"href":"https:\/\/podcast.rs\/en\/wp-json\/wp\/v2\/posts\/25999\/revisions"}],"wp:featuredmedia":[{"embeddable":true,"href":"https:\/\/podcast.rs\/en\/wp-json\/wp\/v2\/media\/22672"}],"wp:attachment":[{"href":"https:\/\/podcast.rs\/en\/wp-json\/wp\/v2\/media?parent=25999"}],"wp:term":[{"taxonomy":"category","embeddable":true,"href":"https:\/\/podcast.rs\/en\/wp-json\/wp\/v2\/categories?post=25999"},{"taxonomy":"post_tag","embeddable":true,"href":"https:\/\/podcast.rs\/en\/wp-json\/wp\/v2\/tags?post=25999"}],"curies":[{"name":"wp","href":"https:\/\/api.w.org\/{rel}","templated":true}]}}