{"id":252240,"date":"2025-04-28T19:00:00","date_gmt":"2025-04-28T17:00:00","guid":{"rendered":"https:\/\/podcast.rs\/alen-avdic-zelja-mi-je-bila-da-zavrsim-tamo-gdje-sam-poceo-dio-2-indirekt-063\/"},"modified":"2026-04-28T00:36:10","modified_gmt":"2026-04-27T22:36:10","slug":"alen-avdic-zelja-mi-je-bila-da-zavrsim-tamo-gdje-sam-poceo-dio-2-indirekt-063","status":"publish","type":"post","link":"https:\/\/podcast.rs\/en\/alen-avdic-zelja-mi-je-bila-da-zavrsim-tamo-gdje-sam-poceo-dio-2-indirekt-063\/","title":{"rendered":"Alen Avdi\u0107: \u017delja mi je bila da zavr\u0161im tamo gdje sam po\u010deo &#8211; DIO 2 &#8211; (IN)Direkt 063"},"content":{"rendered":"<p><a target=\"_blank\" href=\"https:\/\/www.buzzsprout.com\/2151425\/fan_mail\/new\">Send us Fan Mail<\/a><\/p>\n<p>Gost 63. epizode podcasta (IN)Direkt je ponovo Alen Avdi\u0107, \u010dije sjajne pri\u010de i bogata fudbalska karijera nisu mogli stati u samo jednu epizodu. Nakon povratka u Sarajevo 1999. godine, Avdi\u0107 u bordo dresu nastavlja dokazivati svoju napada\u010dku vrijednost sa 9 golova u 16 utakmica, ali titula ponovo ostaje nedosanjani san.<\/p>\n<p>Njegova avantura nastavlja se u Njema\u010dkoj, gdje u ekipi Chemnitzera u\u010di \u0161ta zna\u010di borba za opstanak u 2. Bundesligi, prije nego \u0161to odlazi u egzoti\u010dnu Ju\u017enu Koreju i s klubom Suwon Samsung Bluewings osvaja Liga kup te presti\u017enu Azijsku Ligu Prvaka.<\/p>\n<p>Uslijedile je posudba u Japan, gdje trese mre\u017ee za Avispa Fukuoku, te kratka kineska avantura u Liaoningu. Ipak, svaki put je njegov put vodio nazad ka Ko\u0161evu, pa tako 2004. ponovo u bordo dresu osvaja Kup Bosne i Hercegovine.<\/p>\n<p>Tri nezaboravne godine proveo je i u Iranu, dijele\u0107i svla\u010dionicu s legendarnim Ali Daeijem u dresu Saba Batteryja, igraju\u0107i Azijsku Ligu Prvaka i zavr\u0161avaju\u0107i iransku odiseju u ekipi Bargh Shiraza.<\/p>\n<p>&#8211; Kada sam se vratio iz Irana, razmi\u0161ljao sam kako \u017eelim da zavr\u0161im u Sarajevu. Nisam kompletne pripreme obavio, \u010cala \u017eeli jako da ja do\u0111em tu. Ja ka\u017eem ok, pusti me da se spremim jer ja samo mogu igrati kada sam spreman. Ja sam igrao na sve ili ni\u0161ta. Jednostavno, moram biti spreman da ne bi bio povrije\u0111en i da mogu dati svoj maksimum. Sad kakav je&#8230; Ja znam da sam ginuo za Sarajevo, bacao se na glavu, pucao mi je nos i zubi, glava i noge, prisje\u0107a se Avdi\u0107.<\/p>\n<p>Alen Avdi\u0107 \u0107e u novoj epizodi govoriti o svom petom i posljednjem povratku u voljeno Sarajevo 2009. godine, kada je tim bio na pragu historijskog uspjeha u kvalifikacijama za Kup UEFA protiv Spartak Trnave, Helsingborgsa i Cluja. Dotaknut \u0107e se reprezentativne karijere, gdje je kao kapiten U-21 BiH te reprezentativac A selekcije ostavio svoj pe\u010dat.<\/p>\n<p>Uz neizbje\u017ene anegdote i nevjerovatne detalje s egzoti\u010dnih destinacija i s terena \u0161irom svijeta, Alen \u0107e podijeliti i osje\u0107aj ponosa \u0161to je s ukupno 65 golova postao jedan od deset najboljih strijelaca u historiji FK Sarajeva, rame uz rame sa legendarnim Husrefom Musemi\u0107em. Sve ovo i mnogo vi\u0161e o\u010dekuje vas u nastavku sjajne fudbalske pri\u010de Alena <\/p>\n<p><a rel=\"payment\" href=\"https:\/\/www.buzzsprout.com\/2151425\/support\">Support the show<\/a><\/p>\n<p>\u010citajte nas na: <a href='https:\/\/www.youtube.com\/redirect?event=video_description&amp;redir_token=QUFFLUhqbG1GOTJCYkg1aENERDhaYVQ1TFlRNGlQOFlMd3xBQ3Jtc0ttQUxLRmRtTXZsSm1mNjVaS0ZIVkt2d19fT1ZubGZkYzlSZk95T05YTUQ4RzlMWTFrTzBxaklMU3JMUzVpTGhWLXRRaUVpb29nOVFyd1J1UDM4WTBWNGVWSTRjeVI5Q0RvQ05qOUphQndLVV94RXF1RQ&amp;q=https%3A%2F%2Fwww.oslobodjenje.ba%2F&amp;v=ogUzzAgGjzE'>https:\/\/www.oslobodjenje.ba<\/a>\u00a0 \u00a0 FB :<a href='https:\/\/www.youtube.com\/redirect?event=video_description&amp;redir_token=QUFFLUhqa3VQQWdEWkQ5VlIyaXROWWpVeWxYUWNYR1ZEQXxBQ3Jtc0trTGx6UmQwTXdRLXRPNnowUGtBVmw3TzJ0QmtIb1B0ck1CT3hWU0V3a0JFOHVfMkJ1VDhTLXc4TUJXWDhWekU0UXQxYm1Va2wtM3dyQ1djTnU2djFtejBxcEg0QzJxTHhZNmpFejhCWWlRdE5YVFpwSQ&amp;q=https%3A%2F%2Fwww.facebook.com%2Foslobodjenjeba&amp;v=ogUzzAgGjzE'>https:\/\/www.facebook.com\/oslobodjenjeba<\/a>\u00a0 IG: <a href='https:\/\/www.youtube.com\/redirect?event=video_description&amp;redir_token=QUFFLUhqa1FsNjMtdmUtTS1vWUg5em5zaEpzOUdIOGhnd3xBQ3Jtc0ttdDB1SlRSVS1RTjRUZUtNODMxYnBJTnV2b0ItdjIzOEJCSVVpWXRIV1RSdmxPWC1DOFU3TVV4RmxNdW5nRkV6cE1ScXVjdTlvcDhYeEptNEszN1V1Q042eWpDOTZrTzk5ckQ1R2g3Nl9nWEt1OU5MWQ&amp;q=https%3A%2F%2Fwww.instagram.com%2Foslobodjenje.ba&amp;v=ogUzzAgGjzE'><a href=\"https:\/\/www.instagram.com\/oslobodjenj\" rel=\"nofollow\">https:\/\/www.instagram.com\/oslobodjenj<\/a>&#8230;<\/a>\u00a0 Twitter: <a href='https:\/\/www.youtube.com\/redirect?event=video_description&amp;redir_token=QUFFLUhqbVJvekE3SjJjbkVfT2xuR0ROekRPNVlfQ2EwZ3xBQ3Jtc0tsNDNVdW1ENDZqUHI3UW52S2NVU2VDcWxFLVJSczZjRnlfYjI1dHpfRERPcTJybkZJSThDME9rYVRUMk0zYnNMNFVJRktyNS0wTk9qaFVDQ2diLTBVMGl2RUxtZUFscGptYUxrbGF2X2NoRmsxdHVQOA&amp;q=https%3A%2F%2Ftwitter.com%2Foslobodjenjeba&amp;v=ogUzzAgGjzE'>&#8230;<\/a><\/p>","protected":false},"excerpt":{"rendered":"<p>Send us Fan Mail Gost 63. epizode podcasta (IN)Direkt je ponovo Alen Avdi\u0107, \u010dije sjajne pri\u010de i bogata fudbalska karijera nisu mogli stati u samo jednu epizodu. Nakon povratka u Sarajevo 1999. godine, Avdi\u0107 u bordo dresu nastavlja dokazivati svoju napada\u010dku vrijednost sa 9 golova u 16 utakmica, ali titula ponovo ostaje nedosanjani san. Njegova&#8230;<\/p>","protected":false},"author":4,"featured_media":252241,"comment_status":"closed","ping_status":"closed","sticky":false,"template":"","format":"standard","meta":{"footnotes":""},"categories":[610],"tags":[],"class_list":["post-252240","post","type-post","status-publish","format-standard","has-post-thumbnail","hentry","category-oslobodjenje-podcast"],"_links":{"self":[{"href":"https:\/\/podcast.rs\/en\/wp-json\/wp\/v2\/posts\/252240","targetHints":{"allow":["GET"]}}],"collection":[{"href":"https:\/\/podcast.rs\/en\/wp-json\/wp\/v2\/posts"}],"about":[{"href":"https:\/\/podcast.rs\/en\/wp-json\/wp\/v2\/types\/post"}],"author":[{"embeddable":true,"href":"https:\/\/podcast.rs\/en\/wp-json\/wp\/v2\/users\/4"}],"replies":[{"embeddable":true,"href":"https:\/\/podcast.rs\/en\/wp-json\/wp\/v2\/comments?post=252240"}],"version-history":[{"count":45,"href":"https:\/\/podcast.rs\/en\/wp-json\/wp\/v2\/posts\/252240\/revisions"}],"predecessor-version":[{"id":684635,"href":"https:\/\/podcast.rs\/en\/wp-json\/wp\/v2\/posts\/252240\/revisions\/684635"}],"wp:featuredmedia":[{"embeddable":true,"href":"https:\/\/podcast.rs\/en\/wp-json\/wp\/v2\/media\/252241"}],"wp:attachment":[{"href":"https:\/\/podcast.rs\/en\/wp-json\/wp\/v2\/media?parent=252240"}],"wp:term":[{"taxonomy":"category","embeddable":true,"href":"https:\/\/podcast.rs\/en\/wp-json\/wp\/v2\/categories?post=252240"},{"taxonomy":"post_tag","embeddable":true,"href":"https:\/\/podcast.rs\/en\/wp-json\/wp\/v2\/tags?post=252240"}],"curies":[{"name":"wp","href":"https:\/\/api.w.org\/{rel}","templated":true}]}}