{"id":251905,"date":"2025-04-28T15:30:12","date_gmt":"2025-04-28T15:30:12","guid":{"rendered":"https:\/\/podcast.rs\/?p=251905"},"modified":"2026-04-14T16:48:20","modified_gmt":"2026-04-14T14:48:20","slug":"sto-nakon-pape-franje","status":"publish","type":"post","link":"https:\/\/podcast.rs\/en\/sto-nakon-pape-franje\/","title":{"rendered":"\u0160to nakon pape Franje?"},"content":{"rendered":"<p>Nakon sprovoda pape Franje sve su o\u010di uprte u izbor njegova nasljednika. Konklava za izbor novog pape \u0107e po\u010deti 7. maja. I dok se naga\u0111a \u0161to nas \u010deka u budu\u0107im danima te kako \u0107e novi izbor kardinala utjecati na stavove i poziciju Katoli\u010dke crkve, ostav\u0161tina koju je papa Franjo ostavio iza sebe nije minorna. Kako je papa Franjo promijenio Crkvu u ovih 12 godina? I \u0161to \u0107emo pamtiti o osobi, a \u0161to o njegovom pontifikatu? Maja Mari\u0107 razgovara s Anom Raffai, teologicom i kolegom Nenadom Kreizerom.<\/p>","protected":false},"excerpt":{"rendered":"<p>Nakon sprovoda pape Franje sve su o\u010di uprte u izbor njegova nasljednika. Konklava za izbor novog pape \u0107e po\u010deti 7. maja. I dok se naga\u0111a \u0161to nas \u010deka u budu\u0107im danima te kako \u0107e novi izbor kardinala utjecati na stavove i poziciju Katoli\u010dke crkve, ostav\u0161tina koju je papa Franjo ostavio iza sebe nije minorna. Kako&#8230;<\/p>","protected":false},"author":3,"featured_media":48737,"comment_status":"close","ping_status":"closed","sticky":false,"template":"","format":"audio","meta":{"footnotes":""},"categories":[183],"tags":[],"class_list":["post-251905","post","type-post","status-publish","format-audio","has-post-thumbnail","hentry","category-cosmo","post_format-post-format-audio"],"_links":{"self":[{"href":"https:\/\/podcast.rs\/en\/wp-json\/wp\/v2\/posts\/251905","targetHints":{"allow":["GET"]}}],"collection":[{"href":"https:\/\/podcast.rs\/en\/wp-json\/wp\/v2\/posts"}],"about":[{"href":"https:\/\/podcast.rs\/en\/wp-json\/wp\/v2\/types\/post"}],"author":[{"embeddable":true,"href":"https:\/\/podcast.rs\/en\/wp-json\/wp\/v2\/users\/3"}],"replies":[{"embeddable":true,"href":"https:\/\/podcast.rs\/en\/wp-json\/wp\/v2\/comments?post=251905"}],"version-history":[{"count":2,"href":"https:\/\/podcast.rs\/en\/wp-json\/wp\/v2\/posts\/251905\/revisions"}],"predecessor-version":[{"id":659829,"href":"https:\/\/podcast.rs\/en\/wp-json\/wp\/v2\/posts\/251905\/revisions\/659829"}],"wp:featuredmedia":[{"embeddable":true,"href":"https:\/\/podcast.rs\/en\/wp-json\/wp\/v2\/media\/48737"}],"wp:attachment":[{"href":"https:\/\/podcast.rs\/en\/wp-json\/wp\/v2\/media?parent=251905"}],"wp:term":[{"taxonomy":"category","embeddable":true,"href":"https:\/\/podcast.rs\/en\/wp-json\/wp\/v2\/categories?post=251905"},{"taxonomy":"post_tag","embeddable":true,"href":"https:\/\/podcast.rs\/en\/wp-json\/wp\/v2\/tags?post=251905"}],"curies":[{"name":"wp","href":"https:\/\/api.w.org\/{rel}","templated":true}]}}