{"id":22049,"date":"2020-06-18T11:34:25","date_gmt":"2020-06-18T09:34:25","guid":{"rendered":"https:\/\/podcast.rs\/?p=22049"},"modified":"2020-09-29T12:06:16","modified_gmt":"2020-09-29T10:06:16","slug":"ne-daj-da-stane-partizan-histerical-s01-e28-18-06-2020-2","status":"publish","type":"post","link":"https:\/\/podcast.rs\/en\/ne-daj-da-stane-partizan-histerical-s01-e28-18-06-2020-2\/","title":{"rendered":"NE DAJ DA STANE &#8211; PARTIZAN HISTERICAL S01 E28 &#8211; 18.06.2020."},"content":{"rendered":"<p>#grobarskahisterija S01 E28<\/p>\n<p>&#8222;NE DAJ DA STANE&#8220;<\/p>\n<p>PFC i KKP aktuelnosti:<\/p>\n<p>Poslednja utakmica na JNA u sezoni 2019\/20<br \/>\nFinale Kupa ide u&#8230;&#8230;&#8230;&#8230;&#8230;&#8230;&#8230;&#8230; Ni\u0161<br \/>\nMacky Franck Bagnack &#8211; prvo poja\u010danje FK Partizan<br \/>\nIzmenjeni format UEFA takmi\u010denja<br \/>\nTimski duh i Covid u KKP<br \/>\nU\u010desnici EuroCupa i ma\u0161tanje o gostovanjima<\/p>\n<p>Slu\u0161ajte nas na YouTubeu i Soundcloudu, komentare\/kritike\/sugestije nam \u0161aljite preko YouTubea, SVITERA, Instagrama i Soundclouda. Hvala vam na pa\u017enji i podr\u0161ci.<\/p>\n<p>Twitter: twitter.com\/pfchisterical<br \/>\nInstagram: www.instagram.com\/pfchisterical\/<br \/>\nYoutube: www.youtube.com\/c\/PartizanHistericalPodcast<\/p>\n<p>NAPRED PARTIZAN!<\/p>\n<p>NAPOMENA: Ovo je &#8222;uradi sam&#8220; podkast u kome navija\u010di Partizana razgovaraju o zbivanjima u svom voljenom klubu. Izneta mi\u0161ljenja i stavovi su li\u010dni i ne predstavljaju stavove bilo koje navija\u010dke grupe, frakcije, dela uprave, radne ili druge organizacije. Nismo insajderi, eksperti, sportski radnici. Jezik koji koristimo je fin knji\u017eevni i mo\u017eete ga \u010duti na svakom stadionu i u svakoj sportskoj hali.<\/p>","protected":false},"excerpt":{"rendered":"<p>#grobarskahisterija S01 E28 &#8222;NE DAJ DA STANE&#8220; PFC i KKP aktuelnosti: Poslednja utakmica na JNA u sezoni 2019\/20 Finale Kupa ide u&#8230;&#8230;&#8230;&#8230;&#8230;&#8230;&#8230;&#8230; Ni\u0161 Macky Franck Bagnack &#8211; prvo poja\u010danje FK Partizan Izmenjeni format UEFA takmi\u010denja Timski duh i Covid u KKP U\u010desnici EuroCupa i ma\u0161tanje o gostovanjima Slu\u0161ajte nas na YouTubeu i Soundcloudu, komentare\/kritike\/sugestije nam&#8230;<\/p>","protected":false},"author":3,"featured_media":17299,"comment_status":"open","ping_status":"closed","sticky":false,"template":"","format":"audio","meta":{"footnotes":""},"categories":[162],"tags":[],"class_list":["post-22049","post","type-post","status-publish","format-audio","has-post-thumbnail","hentry","category-histerical","post_format-post-format-audio"],"_links":{"self":[{"href":"https:\/\/podcast.rs\/en\/wp-json\/wp\/v2\/posts\/22049","targetHints":{"allow":["GET"]}}],"collection":[{"href":"https:\/\/podcast.rs\/en\/wp-json\/wp\/v2\/posts"}],"about":[{"href":"https:\/\/podcast.rs\/en\/wp-json\/wp\/v2\/types\/post"}],"author":[{"embeddable":true,"href":"https:\/\/podcast.rs\/en\/wp-json\/wp\/v2\/users\/3"}],"replies":[{"embeddable":true,"href":"https:\/\/podcast.rs\/en\/wp-json\/wp\/v2\/comments?post=22049"}],"version-history":[{"count":0,"href":"https:\/\/podcast.rs\/en\/wp-json\/wp\/v2\/posts\/22049\/revisions"}],"wp:featuredmedia":[{"embeddable":true,"href":"https:\/\/podcast.rs\/en\/wp-json\/wp\/v2\/media\/17299"}],"wp:attachment":[{"href":"https:\/\/podcast.rs\/en\/wp-json\/wp\/v2\/media?parent=22049"}],"wp:term":[{"taxonomy":"category","embeddable":true,"href":"https:\/\/podcast.rs\/en\/wp-json\/wp\/v2\/categories?post=22049"},{"taxonomy":"post_tag","embeddable":true,"href":"https:\/\/podcast.rs\/en\/wp-json\/wp\/v2\/tags?post=22049"}],"curies":[{"name":"wp","href":"https:\/\/api.w.org\/{rel}","templated":true}]}}