{"id":214587,"date":"2025-04-17T23:24:08","date_gmt":"2025-04-17T21:24:08","guid":{"rendered":"https:\/\/podcast.rs\/?p=214587"},"modified":"2025-04-17T23:57:09","modified_gmt":"2025-04-17T21:57:09","slug":"98-adolescence","status":"publish","type":"post","link":"https:\/\/podcast.rs\/en\/98-adolescence\/","title":{"rendered":"98 &#8211; Adolescence"},"content":{"rendered":"<p>U ovoj epizodi, uz osve\u017eavaju\u0107e Olympus napitke, de\u010diji psihijatar Roberto Gruji\u010di\u0107 i njegova koleginica, magistar psiho-socijalnog savetovanja i autor knjiga za decu i roditelje, Irena Orlovi\u0107, razgovaraju o seriji &#8222;Adolescence&#8220; \u2013 provokativnom prikazu tinejd\u017eerskog odrastanja, ose\u0107aja (ne)odgovornosti, bespomo\u0107nosti, i u krajnjoj liniji tragedije i zlo\u010dina, koji je izazvao burne reakcije javnosti. Irena i Roberto govore o tome kako moderna televizija uti\u010de na psiholo\u0161ki razvoj mladih, koje poruke serija prenosi o identitetu, odnosima i emocionalnim borbama adolescenata, ali i o ulozi roditelja, \u0161kole i dru\u0161tva u tom osetljivom periodu. \u0160ta se de\u0161ava sa na\u0161om decom u na\u0161im \u0161kolama? Kako da razumemo ono \u0161to nas mo\u017eda pla\u0161i? \u0160ta je realnost, a \u0161ta fikcija kada je re\u010d o mentalnom zdravlju mladih? Kako pre\u017eiveti adolescenciju u digitalnom svetu. I kako, na primer, &#8216;blokirati&#8217; bespomo\u0107nost i sram zbog online zlostavljanja? Kako izgleda unutra\u0161nji svet jednog tinejd\u017eera? Koje poruke serija \u0161alje roditeljima i stru\u010dnjacima? I kako svi zajedno mo\u017eemo bolje razumeti i podr\u017eati mlade u najburnijem periodu njihovog \u017eivota?<\/p>","protected":false},"excerpt":{"rendered":"<p>U ovoj epizodi, uz osve\u017eavaju\u0107e Olympus napitke, de\u010diji psihijatar Roberto Gruji\u010di\u0107 i njegova koleginica, magistar psiho-socijalnog savetovanja i autor knjiga za decu i roditelje, Irena Orlovi\u0107, razgovaraju o seriji &#8222;Adolescence&#8220; \u2013 provokativnom prikazu tinejd\u017eerskog odrastanja, ose\u0107aja (ne)odgovornosti, bespomo\u0107nosti, i u krajnjoj liniji tragedije i zlo\u010dina, koji je izazvao burne reakcije javnosti. Irena i Roberto govore&#8230;<\/p>","protected":false},"author":3,"featured_media":67456,"comment_status":"close","ping_status":"closed","sticky":false,"template":"","format":"audio","meta":{"footnotes":""},"categories":[493],"tags":[],"class_list":["post-214587","post","type-post","status-publish","format-audio","has-post-thumbnail","hentry","category-dva-i-po-psihijatra","post_format-post-format-audio"],"_links":{"self":[{"href":"https:\/\/podcast.rs\/en\/wp-json\/wp\/v2\/posts\/214587","targetHints":{"allow":["GET"]}}],"collection":[{"href":"https:\/\/podcast.rs\/en\/wp-json\/wp\/v2\/posts"}],"about":[{"href":"https:\/\/podcast.rs\/en\/wp-json\/wp\/v2\/types\/post"}],"author":[{"embeddable":true,"href":"https:\/\/podcast.rs\/en\/wp-json\/wp\/v2\/users\/3"}],"replies":[{"embeddable":true,"href":"https:\/\/podcast.rs\/en\/wp-json\/wp\/v2\/comments?post=214587"}],"version-history":[{"count":1,"href":"https:\/\/podcast.rs\/en\/wp-json\/wp\/v2\/posts\/214587\/revisions"}],"predecessor-version":[{"id":214588,"href":"https:\/\/podcast.rs\/en\/wp-json\/wp\/v2\/posts\/214587\/revisions\/214588"}],"wp:featuredmedia":[{"embeddable":true,"href":"https:\/\/podcast.rs\/en\/wp-json\/wp\/v2\/media\/67456"}],"wp:attachment":[{"href":"https:\/\/podcast.rs\/en\/wp-json\/wp\/v2\/media?parent=214587"}],"wp:term":[{"taxonomy":"category","embeddable":true,"href":"https:\/\/podcast.rs\/en\/wp-json\/wp\/v2\/categories?post=214587"},{"taxonomy":"post_tag","embeddable":true,"href":"https:\/\/podcast.rs\/en\/wp-json\/wp\/v2\/tags?post=214587"}],"curies":[{"name":"wp","href":"https:\/\/api.w.org\/{rel}","templated":true}]}}