{"id":21334,"date":"2020-09-16T18:02:00","date_gmt":"2020-09-16T16:02:00","guid":{"rendered":"https:\/\/podcast.rs\/?p=21334"},"modified":"2020-09-16T21:08:52","modified_gmt":"2020-09-16T19:08:52","slug":"nnpodkast-bora-eskic","status":"publish","type":"post","link":"https:\/\/podcast.rs\/en\/nnpodkast-bora-eskic\/","title":{"rendered":"NNPodkast &#8211; Bora Eski\u0107"},"content":{"rendered":"<p>Bora Eski\u0107 je kantautor, pesnik i aforisti\u010dar.\u00a0<\/p>","protected":false},"excerpt":{"rendered":"<p>Bora Eski\u0107 je kantautor, pesnik i aforisti\u010dar.\u00a0<\/p>","protected":false},"author":3,"featured_media":21321,"comment_status":"open","ping_status":"closed","sticky":false,"template":"","format":"audio","meta":{"footnotes":""},"categories":[170],"tags":[],"class_list":["post-21334","post","type-post","status-publish","format-audio","has-post-thumbnail","hentry","category-nnpodkast","post_format-post-format-audio"],"_links":{"self":[{"href":"https:\/\/podcast.rs\/en\/wp-json\/wp\/v2\/posts\/21334","targetHints":{"allow":["GET"]}}],"collection":[{"href":"https:\/\/podcast.rs\/en\/wp-json\/wp\/v2\/posts"}],"about":[{"href":"https:\/\/podcast.rs\/en\/wp-json\/wp\/v2\/types\/post"}],"author":[{"embeddable":true,"href":"https:\/\/podcast.rs\/en\/wp-json\/wp\/v2\/users\/3"}],"replies":[{"embeddable":true,"href":"https:\/\/podcast.rs\/en\/wp-json\/wp\/v2\/comments?post=21334"}],"version-history":[{"count":0,"href":"https:\/\/podcast.rs\/en\/wp-json\/wp\/v2\/posts\/21334\/revisions"}],"wp:featuredmedia":[{"embeddable":true,"href":"https:\/\/podcast.rs\/en\/wp-json\/wp\/v2\/media\/21321"}],"wp:attachment":[{"href":"https:\/\/podcast.rs\/en\/wp-json\/wp\/v2\/media?parent=21334"}],"wp:term":[{"taxonomy":"category","embeddable":true,"href":"https:\/\/podcast.rs\/en\/wp-json\/wp\/v2\/categories?post=21334"},{"taxonomy":"post_tag","embeddable":true,"href":"https:\/\/podcast.rs\/en\/wp-json\/wp\/v2\/tags?post=21334"}],"curies":[{"name":"wp","href":"https:\/\/api.w.org\/{rel}","templated":true}]}}