{"id":2089,"date":"2019-01-08T10:53:43","date_gmt":"2019-01-08T10:53:43","guid":{"rendered":"https:\/\/podcast.rs\/ep-001-zarko-pticek-i-marija-dordic-pojacalo-podcast\/"},"modified":"2019-01-08T10:53:43","modified_gmt":"2019-01-08T10:53:43","slug":"ep-001-zarko-pticek-i-marija-dordic-pojacalo-podcast","status":"publish","type":"post","link":"https:\/\/podcast.rs\/en\/ep-001-zarko-pticek-i-marija-dordic-pojacalo-podcast\/","title":{"rendered":"EP 001: \u017darko Pti\u010dek i Marija \u0110or\u0111i\u0107 &#8211; Poja\u010dalo podcast"},"content":{"rendered":"<p>U prvom podkastu Poja\u010dala Ivan Mini\u0107 u razgovoru sa \u017darkom Pti\u010dekom, pravnikom poznatijim kao \u201ddnevna mora dr\u017eavne administracije\u201d i Marijom \u0110or\u0111i\u0107, knjigovo\u0111om i poreskom savetnicom kojoj ne promi\u010du ni najmanje sitnice. Zajedno nam otkrivaju tajne i zamke preduzetni\u0161tva u Srbiji.<br \/>\nPoslu\u0161ajte koje su to stvari na koje morate obratiti pa\u017enju pre zapo\u010dinjanja sopstvenog biznisa, koje su dobre prakse za dolazak do prvih klijenata, i sa kojim predznanjem se ulazi u preduzetni\u010dke vode.<br \/>\nSaznajte za\u0161to je knjigovo\u0111a najbolji prijatelj svakog uspe\u0161nog preduzetnika, koliko vam mo\u017ee zna\u010diti pravovremena konsultacija i za\u0161to je ovaj dvojac \u201dtanka crvena linija\u201d koja vam mo\u017ee u\u0161tedeti vreme i re\u0161iti mnoga pitanja.<br \/>\nOtkrijte za\u0161to je lak\u0161e iskoristiti mogu\u0107nost elektronskog poslovanja kada god ste u mogu\u0107nosti.<br \/>\nSteknite uvid o pravnim okvirima unutar kojih se morate kretati, ali i o stvarima koje morate definisati i pre nego \u0161to registrujete svoje preduze\u0107e \u2013 od ugovora do planiranja.<br \/>\nNau\u010dite iz tu\u0111ih gre\u0161aka, poslu\u0161ajte savete profesionalaca i poslujte uz \u0161to manji rizik.<\/p>\n<p>Posetite na\u0161 sajt i prijavite se na na\u0161u mailing listu: http:\/\/bit.ly\/2LUKSBG<\/p>\n<p>Prijavite se na na\u0161 YouTube kanal: http:\/\/bit.ly\/2Rgnu7o<\/p>\n<p>Pratite Poja\u010dalo na dru\u0161tvenim mre\u017eama:<br \/>\nFacebook: http:\/\/bit.ly\/2FfwqCR<br \/>\nTwitter: http:\/\/bit.ly\/2CVZoGr<br \/>\nInstagram: http:\/\/bit.ly\/2RzGHjN<\/p>","protected":false},"excerpt":{"rendered":"<p>U prvom podkastu Poja\u010dala Ivan Mini\u0107 u razgovoru \u2026<\/p>","protected":false},"author":3,"featured_media":2090,"comment_status":"open","ping_status":"closed","sticky":false,"template":"","format":"standard","meta":{"footnotes":""},"categories":[30],"tags":[],"class_list":["post-2089","post","type-post","status-publish","format-standard","has-post-thumbnail","hentry","category-pojacalo"],"_links":{"self":[{"href":"https:\/\/podcast.rs\/en\/wp-json\/wp\/v2\/posts\/2089","targetHints":{"allow":["GET"]}}],"collection":[{"href":"https:\/\/podcast.rs\/en\/wp-json\/wp\/v2\/posts"}],"about":[{"href":"https:\/\/podcast.rs\/en\/wp-json\/wp\/v2\/types\/post"}],"author":[{"embeddable":true,"href":"https:\/\/podcast.rs\/en\/wp-json\/wp\/v2\/users\/3"}],"replies":[{"embeddable":true,"href":"https:\/\/podcast.rs\/en\/wp-json\/wp\/v2\/comments?post=2089"}],"version-history":[{"count":0,"href":"https:\/\/podcast.rs\/en\/wp-json\/wp\/v2\/posts\/2089\/revisions"}],"wp:featuredmedia":[{"embeddable":true,"href":"https:\/\/podcast.rs\/en\/wp-json\/wp\/v2\/media\/2090"}],"wp:attachment":[{"href":"https:\/\/podcast.rs\/en\/wp-json\/wp\/v2\/media?parent=2089"}],"wp:term":[{"taxonomy":"category","embeddable":true,"href":"https:\/\/podcast.rs\/en\/wp-json\/wp\/v2\/categories?post=2089"},{"taxonomy":"post_tag","embeddable":true,"href":"https:\/\/podcast.rs\/en\/wp-json\/wp\/v2\/tags?post=2089"}],"curies":[{"name":"wp","href":"https:\/\/api.w.org\/{rel}","templated":true}]}}