{"id":2083,"date":"2019-01-30T10:58:48","date_gmt":"2019-01-30T10:58:48","guid":{"rendered":"https:\/\/podcast.rs\/ep-004-vladimir-elesin-pojacalo-podcast\/"},"modified":"2019-01-30T10:58:48","modified_gmt":"2019-01-30T10:58:48","slug":"ep-004-vladimir-elesin-pojacalo-podcast","status":"publish","type":"post","link":"https:\/\/podcast.rs\/en\/ep-004-vladimir-elesin-pojacalo-podcast\/","title":{"rendered":"EP 004: Vladimir Elesin &#8211; Poja\u010dalo podcast"},"content":{"rendered":"<p>U \u010detvrtoj epizodi podkasta Poja\u010dalo Ivan Mini\u0107 razgovara sa Vladimirom Elesinom, Novosa\u0111aninom, vi\u0161estrukim povratnikom u preduzetni\u010dke vode, \u010dovekom koji je stvorio brendove Tegla\u2019s, koji je od Novog Sada dobacio do Crne Gore, i Kiflica koji je napre\u010dac osvojio \u201cSrpsku Atinu\u201d, ali pre svega okorelim IT-jevcem koji uvek ima sve\u017ee ideje. Svoje bogato iskustvo, uspone i padove, probleme i re\u0161enja Vladimir Elesin stavlja pred slu\u0161aoce Poja\u010dala i otkriva sa kojim se mukama sre\u0107e \u010dovek koji razmi\u0161lja ispred svog vremena, za\u0161to je preduzetni\u010dki duh \u201ccrvena linija\u201d izme\u0111u uspeha i ne\u010dega \u0161to je samo dobra ideja, za\u0161to je va\u017eno anga\u017eovati profesionalce i \u0161ta je potrebno da se dogodi kako bi preduzetni\u0161tvo u Srbiji, u pravom smislu te re\u010di, iskoristilo benefite online marketinga.<\/p>\n<p>Posetite na\u0161 sajt i prijavite se na na\u0161u mailing listu: http:\/\/bit.ly\/2LUKSBG<\/p>\n<p>Prijavite se na na\u0161 YouTube kanal: http:\/\/bit.ly\/2Rgnu7o<\/p>\n<p>Pratite Poja\u010dalo na dru\u0161tvenim mre\u017eama:<br \/>\nFacebook: http:\/\/bit.ly\/2FfwqCR<br \/>\nTwitter: http:\/\/bit.ly\/2CVZoGr<br \/>\nInstagram: http:\/\/bit.ly\/2RzGHjN<\/p>","protected":false},"excerpt":{"rendered":"<p>U \u010detvrtoj epizodi podkasta Poja\u010dalo Ivan Mini\u0107 r\u2026<\/p>","protected":false},"author":3,"featured_media":2084,"comment_status":"open","ping_status":"closed","sticky":false,"template":"","format":"standard","meta":{"footnotes":""},"categories":[30],"tags":[],"class_list":["post-2083","post","type-post","status-publish","format-standard","has-post-thumbnail","hentry","category-pojacalo"],"_links":{"self":[{"href":"https:\/\/podcast.rs\/en\/wp-json\/wp\/v2\/posts\/2083","targetHints":{"allow":["GET"]}}],"collection":[{"href":"https:\/\/podcast.rs\/en\/wp-json\/wp\/v2\/posts"}],"about":[{"href":"https:\/\/podcast.rs\/en\/wp-json\/wp\/v2\/types\/post"}],"author":[{"embeddable":true,"href":"https:\/\/podcast.rs\/en\/wp-json\/wp\/v2\/users\/3"}],"replies":[{"embeddable":true,"href":"https:\/\/podcast.rs\/en\/wp-json\/wp\/v2\/comments?post=2083"}],"version-history":[{"count":0,"href":"https:\/\/podcast.rs\/en\/wp-json\/wp\/v2\/posts\/2083\/revisions"}],"wp:featuredmedia":[{"embeddable":true,"href":"https:\/\/podcast.rs\/en\/wp-json\/wp\/v2\/media\/2084"}],"wp:attachment":[{"href":"https:\/\/podcast.rs\/en\/wp-json\/wp\/v2\/media?parent=2083"}],"wp:term":[{"taxonomy":"category","embeddable":true,"href":"https:\/\/podcast.rs\/en\/wp-json\/wp\/v2\/categories?post=2083"},{"taxonomy":"post_tag","embeddable":true,"href":"https:\/\/podcast.rs\/en\/wp-json\/wp\/v2\/tags?post=2083"}],"curies":[{"name":"wp","href":"https:\/\/api.w.org\/{rel}","templated":true}]}}