{"id":20720,"date":"2020-01-02T18:30:39","date_gmt":"2020-01-02T17:30:39","guid":{"rendered":"https:\/\/podcast.rs\/?p=20720"},"modified":"2020-09-10T11:49:33","modified_gmt":"2020-09-10T09:49:33","slug":"cosmo-radio-forum-ganze-sendung-02-01-2020","status":"publish","type":"post","link":"https:\/\/podcast.rs\/en\/cosmo-radio-forum-ganze-sendung-02-01-2020\/","title":{"rendered":"COSMO Radio Forum Ganze Sendung (02.01.2020)"},"content":{"rendered":"<p>Teme: \u0160to stoji na politi\u010dkoj agendi za 2020. godinu i \u0161to si \u017eele slu\u0161atelji? +++ Rijeka 2020 &#8211; Europske prijestolnica kulture \u2013 prvi dojmovi Srdjana Govedarice +++ Adisa Ba\u0161i\u0107, autorica iz Sarajeva, \u010diju prvu zbirku pri\u010da poklanjamo slu\u0161ateljima +++ Radio Forum mo\u017eete od ponedjeljka do petka slu\u0161ati od 18:00-18:30 u\u017eivo putem livestream-a na internetu ili od 20:30-21:00 na radiju. Kompletnu emisiju s muzikom mo\u017eete \u010duti i kao &#8222;audio on demand&#8220; kad to po\u017eelite ili kao podcast bez muzike.<\/p>","protected":false},"excerpt":{"rendered":"<p>Teme: \u0160to stoji na politi\u010dkoj agendi za 2020. godinu i \u0161to si \u017eele slu\u0161atelji? +++ Rijeka 2020 &#8211; Europske prijestolnica kulture \u2013 prvi dojmovi Srdjana Govedarice +++ Adisa Ba\u0161i\u0107, autorica iz Sarajeva, \u010diju prvu zbirku pri\u010da poklanjamo slu\u0161ateljima +++ Radio Forum mo\u017eete od ponedjeljka do petka slu\u0161ati od 18:00-18:30 u\u017eivo putem livestream-a na internetu ili&#8230;<\/p>","protected":false},"author":3,"featured_media":20373,"comment_status":"open","ping_status":"closed","sticky":false,"template":"","format":"audio","meta":{"footnotes":""},"categories":[183],"tags":[],"class_list":["post-20720","post","type-post","status-publish","format-audio","has-post-thumbnail","hentry","category-cosmo","post_format-post-format-audio"],"_links":{"self":[{"href":"https:\/\/podcast.rs\/en\/wp-json\/wp\/v2\/posts\/20720","targetHints":{"allow":["GET"]}}],"collection":[{"href":"https:\/\/podcast.rs\/en\/wp-json\/wp\/v2\/posts"}],"about":[{"href":"https:\/\/podcast.rs\/en\/wp-json\/wp\/v2\/types\/post"}],"author":[{"embeddable":true,"href":"https:\/\/podcast.rs\/en\/wp-json\/wp\/v2\/users\/3"}],"replies":[{"embeddable":true,"href":"https:\/\/podcast.rs\/en\/wp-json\/wp\/v2\/comments?post=20720"}],"version-history":[{"count":0,"href":"https:\/\/podcast.rs\/en\/wp-json\/wp\/v2\/posts\/20720\/revisions"}],"wp:featuredmedia":[{"embeddable":true,"href":"https:\/\/podcast.rs\/en\/wp-json\/wp\/v2\/media\/20373"}],"wp:attachment":[{"href":"https:\/\/podcast.rs\/en\/wp-json\/wp\/v2\/media?parent=20720"}],"wp:term":[{"taxonomy":"category","embeddable":true,"href":"https:\/\/podcast.rs\/en\/wp-json\/wp\/v2\/categories?post=20720"},{"taxonomy":"post_tag","embeddable":true,"href":"https:\/\/podcast.rs\/en\/wp-json\/wp\/v2\/tags?post=20720"}],"curies":[{"name":"wp","href":"https:\/\/api.w.org\/{rel}","templated":true}]}}