{"id":2019,"date":"2019-09-11T09:58:12","date_gmt":"2019-09-11T09:58:12","guid":{"rendered":"https:\/\/podcast.rs\/ep-036-radoslav-plesinac-specialty-coffee-pojacalo-podcast\/"},"modified":"2019-09-11T09:58:12","modified_gmt":"2019-09-11T09:58:12","slug":"ep-036-radoslav-plesinac-specialty-coffee-pojacalo-podcast","status":"publish","type":"post","link":"https:\/\/podcast.rs\/en\/ep-036-radoslav-plesinac-specialty-coffee-pojacalo-podcast\/","title":{"rendered":"EP 036: Radoslav Ple\u0161inac, Specialty coffee &#8211; Poja\u010dalo podcast"},"content":{"rendered":"<p>\u0160ta je specialty coffee i kako je dospela na srpsko tr\u017ei\u0161te, te \u0161ta je sve potrebno da bi se obi\u010dna \u0161oljica turske kafe zamenila \u0161oljicom kafe najvi\u0161eg kvaliteta, samo su neke od tema o kojima Ivan Mini\u0107 i Radoslav Ple\u0161inac razgovaraju u 36. epizodi Poja\u010dalo podkasta.<\/p>\n<p>Saznajte i kako je Kraljevo postalo rodno mesto specialty coffee u Srbiji, \u0161ta vam je sve potrebno da biste otvorili kafeteriju, i koliki je zna\u010daj stalnog usavr\u0161avanja i edukacije svih \u010dinioca od pr\u017eioni\u010dara do krajnih konzumenata. <\/p>\n<p>Teme u podkastu:<br \/>\n&#8211; \u0160ta je to specialty kafa?<br \/>\n&#8211; Otkud specialty kafa u Srbiji<br \/>\n&#8211; Edukacija kao najva\u017eniji \u010dinilac tr\u017ei\u0161ta<br \/>\n&#8211; Srpsko tr\u017ei\u0161te vs. svet<br \/>\n&#8211; Budu\u0107nost specialty kafe u Srbiji<\/p>\n<p>Posetite na\u0161 sajt i prijavite se na na\u0161u mailing listu: http:\/\/bit.ly\/2LUKSBG<\/p>\n<p>Pro\u010ditajte transkript ove epizode: http:\/\/bit.ly\/2kF4OiK<\/p>\n<p>Prijavite se na na\u0161 YouTube kanal: http:\/\/bit.ly\/2Rgnu7o<\/p>\n<p>Pratite Poja\u010dalo na dru\u0161tvenim mre\u017eama:<br \/>\nFacebook: http:\/\/bit.ly\/2FfwqCR<br \/>\nTwitter: http:\/\/bit.ly\/2CVZoGr<br \/>\nInstagram: http:\/\/bit.ly\/2RzGHjN<\/p>","protected":false},"excerpt":{"rendered":"<p>\u0160ta je specialty coffee i kako je dospela na srps\u2026<\/p>","protected":false},"author":3,"featured_media":2020,"comment_status":"open","ping_status":"closed","sticky":false,"template":"","format":"standard","meta":{"footnotes":""},"categories":[30],"tags":[],"class_list":["post-2019","post","type-post","status-publish","format-standard","has-post-thumbnail","hentry","category-pojacalo"],"_links":{"self":[{"href":"https:\/\/podcast.rs\/en\/wp-json\/wp\/v2\/posts\/2019","targetHints":{"allow":["GET"]}}],"collection":[{"href":"https:\/\/podcast.rs\/en\/wp-json\/wp\/v2\/posts"}],"about":[{"href":"https:\/\/podcast.rs\/en\/wp-json\/wp\/v2\/types\/post"}],"author":[{"embeddable":true,"href":"https:\/\/podcast.rs\/en\/wp-json\/wp\/v2\/users\/3"}],"replies":[{"embeddable":true,"href":"https:\/\/podcast.rs\/en\/wp-json\/wp\/v2\/comments?post=2019"}],"version-history":[{"count":0,"href":"https:\/\/podcast.rs\/en\/wp-json\/wp\/v2\/posts\/2019\/revisions"}],"wp:featuredmedia":[{"embeddable":true,"href":"https:\/\/podcast.rs\/en\/wp-json\/wp\/v2\/media\/2020"}],"wp:attachment":[{"href":"https:\/\/podcast.rs\/en\/wp-json\/wp\/v2\/media?parent=2019"}],"wp:term":[{"taxonomy":"category","embeddable":true,"href":"https:\/\/podcast.rs\/en\/wp-json\/wp\/v2\/categories?post=2019"},{"taxonomy":"post_tag","embeddable":true,"href":"https:\/\/podcast.rs\/en\/wp-json\/wp\/v2\/tags?post=2019"}],"curies":[{"name":"wp","href":"https:\/\/api.w.org\/{rel}","templated":true}]}}