{"id":19416,"date":"2020-08-15T16:00:00","date_gmt":"2020-08-15T14:00:00","guid":{"rendered":"https:\/\/podcast.rs\/danas-podkast-15-avgust-sta-ceka-djake-roditelje-i-prosvetare-od-1-septembra\/"},"modified":"2026-04-29T05:04:18","modified_gmt":"2026-04-29T03:04:18","slug":"danas-podkast-15-avgust-sta-ceka-djake-roditelje-i-prosvetare-od-1-septembra","status":"publish","type":"post","link":"https:\/\/podcast.rs\/en\/danas-podkast-15-avgust-sta-ceka-djake-roditelje-i-prosvetare-od-1-septembra\/","title":{"rendered":"Danas podkast 15. avgust: \u0160ta \u010deka \u0111ake, roditelje i prosvetare od 1. septembra?"},"content":{"rendered":"<p>Autor podkasta Vladimir Mari\u010di\u0107 ugostio je ove nedelje Vesnu Vojvodi\u0107 iz Sindikata prosvetnih radnika Nezavisnost i Nevenu Bu\u0111evac, psiholo\u0161kinju i vanrednu profesorku U\u010diteljskog fakulteta u Beogradu.<\/p>\n<p>Tema je bila organizacija rada \u0161kola od 1. septembra.<\/p>","protected":false},"excerpt":{"rendered":"<p>Autor podkasta Vladimir Mari\u010di\u0107 ugostio je ove nedelje Vesnu Vojvodi\u0107 iz Sindikata prosvetnih radnika Nezavisnost i Nevenu Bu\u0111evac, psiholo\u0161kinju i vanrednu profesorku U\u010diteljskog fakulteta u Beogradu. Tema je bila organizacija rada \u0161kola od 1. septembra.<\/p>","protected":false},"author":3,"featured_media":19419,"comment_status":"closed","ping_status":"closed","sticky":false,"template":"","format":"standard","meta":{"footnotes":""},"categories":[117],"tags":[],"class_list":["post-19416","post","type-post","status-publish","format-standard","has-post-thumbnail","hentry","category-danas-podcast"],"_links":{"self":[{"href":"https:\/\/podcast.rs\/en\/wp-json\/wp\/v2\/posts\/19416","targetHints":{"allow":["GET"]}}],"collection":[{"href":"https:\/\/podcast.rs\/en\/wp-json\/wp\/v2\/posts"}],"about":[{"href":"https:\/\/podcast.rs\/en\/wp-json\/wp\/v2\/types\/post"}],"author":[{"embeddable":true,"href":"https:\/\/podcast.rs\/en\/wp-json\/wp\/v2\/users\/3"}],"replies":[{"embeddable":true,"href":"https:\/\/podcast.rs\/en\/wp-json\/wp\/v2\/comments?post=19416"}],"version-history":[{"count":1,"href":"https:\/\/podcast.rs\/en\/wp-json\/wp\/v2\/posts\/19416\/revisions"}],"predecessor-version":[{"id":64407,"href":"https:\/\/podcast.rs\/en\/wp-json\/wp\/v2\/posts\/19416\/revisions\/64407"}],"wp:featuredmedia":[{"embeddable":true,"href":"https:\/\/podcast.rs\/en\/wp-json\/wp\/v2\/media\/19419"}],"wp:attachment":[{"href":"https:\/\/podcast.rs\/en\/wp-json\/wp\/v2\/media?parent=19416"}],"wp:term":[{"taxonomy":"category","embeddable":true,"href":"https:\/\/podcast.rs\/en\/wp-json\/wp\/v2\/categories?post=19416"},{"taxonomy":"post_tag","embeddable":true,"href":"https:\/\/podcast.rs\/en\/wp-json\/wp\/v2\/tags?post=19416"}],"curies":[{"name":"wp","href":"https:\/\/api.w.org\/{rel}","templated":true}]}}