{"id":186892,"date":"2021-06-24T16:41:00","date_gmt":"2021-06-24T14:41:00","guid":{"rendered":"https:\/\/podcast.rs\/?p=186892"},"modified":"2025-04-10T12:32:47","modified_gmt":"2025-04-10T10:32:47","slug":"izmedju-redova-intervju-milan-kucan","status":"publish","type":"post","link":"https:\/\/podcast.rs\/en\/izmedju-redova-intervju-milan-kucan\/","title":{"rendered":"Izme\u0111u redova intervju: Milan Ku\u010dan"},"content":{"rendered":"<p>Povodom 30 godina od raspada Jugoslavije u posebnom izdanju podcasta \u2018Izme\u0111u redova\u2019 donosimo razgovor Dragana \u0160tavljanina sa Milanom Ku\u010danom, najuticajnijim politi\u010darem u Sloveniji u drugoj polovini 1980-ih i njenim predsjednikom u vrijeme osamostaljenja.<\/p>","protected":false},"excerpt":{"rendered":"<p>Povodom 30 godina od raspada Jugoslavije u posebnom izdanju podcasta \u2018Izme\u0111u redova\u2019 donosimo razgovor Dragana \u0160tavljanina sa Milanom Ku\u010danom, najuticajnijim politi\u010darem u Sloveniji u drugoj polovini 1980-ih i njenim predsjednikom u vrijeme osamostaljenja.<\/p>","protected":false},"author":3,"featured_media":69730,"comment_status":"close","ping_status":"closed","sticky":false,"template":"","format":"audio","meta":{"footnotes":""},"categories":[207],"tags":[],"class_list":["post-186892","post","type-post","status-publish","format-audio","has-post-thumbnail","hentry","category-izmedju-redova","post_format-post-format-audio"],"_links":{"self":[{"href":"https:\/\/podcast.rs\/en\/wp-json\/wp\/v2\/posts\/186892","targetHints":{"allow":["GET"]}}],"collection":[{"href":"https:\/\/podcast.rs\/en\/wp-json\/wp\/v2\/posts"}],"about":[{"href":"https:\/\/podcast.rs\/en\/wp-json\/wp\/v2\/types\/post"}],"author":[{"embeddable":true,"href":"https:\/\/podcast.rs\/en\/wp-json\/wp\/v2\/users\/3"}],"replies":[{"embeddable":true,"href":"https:\/\/podcast.rs\/en\/wp-json\/wp\/v2\/comments?post=186892"}],"version-history":[{"count":1,"href":"https:\/\/podcast.rs\/en\/wp-json\/wp\/v2\/posts\/186892\/revisions"}],"predecessor-version":[{"id":186893,"href":"https:\/\/podcast.rs\/en\/wp-json\/wp\/v2\/posts\/186892\/revisions\/186893"}],"wp:featuredmedia":[{"embeddable":true,"href":"https:\/\/podcast.rs\/en\/wp-json\/wp\/v2\/media\/69730"}],"wp:attachment":[{"href":"https:\/\/podcast.rs\/en\/wp-json\/wp\/v2\/media?parent=186892"}],"wp:term":[{"taxonomy":"category","embeddable":true,"href":"https:\/\/podcast.rs\/en\/wp-json\/wp\/v2\/categories?post=186892"},{"taxonomy":"post_tag","embeddable":true,"href":"https:\/\/podcast.rs\/en\/wp-json\/wp\/v2\/tags?post=186892"}],"curies":[{"name":"wp","href":"https:\/\/api.w.org\/{rel}","templated":true}]}}