{"id":186884,"date":"2021-12-10T07:35:00","date_gmt":"2021-12-10T06:35:00","guid":{"rendered":"https:\/\/podcast.rs\/?p=186884"},"modified":"2025-04-10T12:32:44","modified_gmt":"2025-04-10T10:32:44","slug":"aktivisti-u-riziku-pogled-iz-srbije","status":"publish","type":"post","link":"https:\/\/podcast.rs\/en\/aktivisti-u-riziku-pogled-iz-srbije\/","title":{"rendered":"Aktivisti u riziku: Pogled iz Srbije"},"content":{"rendered":"<p>Premladi da se se\u0107amo, odlu\u010dni da nikada ne zaboravimo, moto je regionalne nevladine Inicijative mladih za ljudska prava. Bore se za mir u regionu i suo\u010davanje sa pro\u0161lo\u0161\u0107u, regionalnu saradnju, istinu, pravdu, odgovornost i demokratiju. Povodom Me\u0111unarodnog dana ljudskih prava u &#8216;Izme\u0111u redova&#8217; donosimo pri\u010du o Inicijativi o tome kako je biti aktivista za ljudska prava u Srbiji.<\/p>","protected":false},"excerpt":{"rendered":"<p>Premladi da se se\u0107amo, odlu\u010dni da nikada ne zaboravimo, moto je regionalne nevladine Inicijative mladih za ljudska prava. Bore se za mir u regionu i suo\u010davanje sa pro\u0161lo\u0161\u0107u, regionalnu saradnju, istinu, pravdu, odgovornost i demokratiju. Povodom Me\u0111unarodnog dana ljudskih prava u &#8216;Izme\u0111u redova&#8217; donosimo pri\u010du o Inicijativi o tome kako je biti aktivista za ljudska&#8230;<\/p>","protected":false},"author":3,"featured_media":69730,"comment_status":"close","ping_status":"closed","sticky":false,"template":"","format":"audio","meta":{"footnotes":""},"categories":[207],"tags":[],"class_list":["post-186884","post","type-post","status-publish","format-audio","has-post-thumbnail","hentry","category-izmedju-redova","post_format-post-format-audio"],"_links":{"self":[{"href":"https:\/\/podcast.rs\/en\/wp-json\/wp\/v2\/posts\/186884","targetHints":{"allow":["GET"]}}],"collection":[{"href":"https:\/\/podcast.rs\/en\/wp-json\/wp\/v2\/posts"}],"about":[{"href":"https:\/\/podcast.rs\/en\/wp-json\/wp\/v2\/types\/post"}],"author":[{"embeddable":true,"href":"https:\/\/podcast.rs\/en\/wp-json\/wp\/v2\/users\/3"}],"replies":[{"embeddable":true,"href":"https:\/\/podcast.rs\/en\/wp-json\/wp\/v2\/comments?post=186884"}],"version-history":[{"count":1,"href":"https:\/\/podcast.rs\/en\/wp-json\/wp\/v2\/posts\/186884\/revisions"}],"predecessor-version":[{"id":186885,"href":"https:\/\/podcast.rs\/en\/wp-json\/wp\/v2\/posts\/186884\/revisions\/186885"}],"wp:featuredmedia":[{"embeddable":true,"href":"https:\/\/podcast.rs\/en\/wp-json\/wp\/v2\/media\/69730"}],"wp:attachment":[{"href":"https:\/\/podcast.rs\/en\/wp-json\/wp\/v2\/media?parent=186884"}],"wp:term":[{"taxonomy":"category","embeddable":true,"href":"https:\/\/podcast.rs\/en\/wp-json\/wp\/v2\/categories?post=186884"},{"taxonomy":"post_tag","embeddable":true,"href":"https:\/\/podcast.rs\/en\/wp-json\/wp\/v2\/tags?post=186884"}],"curies":[{"name":"wp","href":"https:\/\/api.w.org\/{rel}","templated":true}]}}