{"id":186874,"date":"2022-06-14T13:51:05","date_gmt":"2022-06-14T11:51:05","guid":{"rendered":"https:\/\/podcast.rs\/?p=186874"},"modified":"2025-04-10T12:32:41","modified_gmt":"2025-04-10T10:32:41","slug":"ivica-osim-straus","status":"publish","type":"post","link":"https:\/\/podcast.rs\/en\/ivica-osim-straus\/","title":{"rendered":"Ivica Osim, \u0160traus"},"content":{"rendered":"<p>Dok je 14. maja 2022. i\u0161la pjesma &#8216;Grbavica&#8217; od Mladena Voji\u010di\u0107a Tife, niko od prisutnih nije mogao sakriti suze. Plakali su svi oni koji su do\u0161li na posljednji ispra\u0107aj Ivice Osima. \u0160vabe iz Sarajeva. \u0160trausa s Grbavice. Gospodara familije. Ko je bio Ivica Osim? Slu\u0161ajte u podcastu  &#8216;Izme\u0111u redova&#8217;. Saradnja: Mirnes Bakija. <\/p>","protected":false},"excerpt":{"rendered":"<p>Dok je 14. maja 2022. i\u0161la pjesma &#8216;Grbavica&#8217; od Mladena Voji\u010di\u0107a Tife, niko od prisutnih nije mogao sakriti suze. Plakali su svi oni koji su do\u0161li na posljednji ispra\u0107aj Ivice Osima. \u0160vabe iz Sarajeva. \u0160trausa s Grbavice. Gospodara familije. Ko je bio Ivica Osim? Slu\u0161ajte u podcastu &#8216;Izme\u0111u redova&#8217;. Saradnja: Mirnes Bakija.<\/p>","protected":false},"author":3,"featured_media":69730,"comment_status":"close","ping_status":"closed","sticky":false,"template":"","format":"audio","meta":{"footnotes":""},"categories":[207],"tags":[],"class_list":["post-186874","post","type-post","status-publish","format-audio","has-post-thumbnail","hentry","category-izmedju-redova","post_format-post-format-audio"],"_links":{"self":[{"href":"https:\/\/podcast.rs\/en\/wp-json\/wp\/v2\/posts\/186874","targetHints":{"allow":["GET"]}}],"collection":[{"href":"https:\/\/podcast.rs\/en\/wp-json\/wp\/v2\/posts"}],"about":[{"href":"https:\/\/podcast.rs\/en\/wp-json\/wp\/v2\/types\/post"}],"author":[{"embeddable":true,"href":"https:\/\/podcast.rs\/en\/wp-json\/wp\/v2\/users\/3"}],"replies":[{"embeddable":true,"href":"https:\/\/podcast.rs\/en\/wp-json\/wp\/v2\/comments?post=186874"}],"version-history":[{"count":1,"href":"https:\/\/podcast.rs\/en\/wp-json\/wp\/v2\/posts\/186874\/revisions"}],"predecessor-version":[{"id":186875,"href":"https:\/\/podcast.rs\/en\/wp-json\/wp\/v2\/posts\/186874\/revisions\/186875"}],"wp:featuredmedia":[{"embeddable":true,"href":"https:\/\/podcast.rs\/en\/wp-json\/wp\/v2\/media\/69730"}],"wp:attachment":[{"href":"https:\/\/podcast.rs\/en\/wp-json\/wp\/v2\/media?parent=186874"}],"wp:term":[{"taxonomy":"category","embeddable":true,"href":"https:\/\/podcast.rs\/en\/wp-json\/wp\/v2\/categories?post=186874"},{"taxonomy":"post_tag","embeddable":true,"href":"https:\/\/podcast.rs\/en\/wp-json\/wp\/v2\/tags?post=186874"}],"curies":[{"name":"wp","href":"https:\/\/api.w.org\/{rel}","templated":true}]}}