{"id":186460,"date":"2025-04-10T09:48:16","date_gmt":"2025-04-10T07:48:16","guid":{"rendered":"https:\/\/podcast.rs\/?p=186460"},"modified":"2025-04-10T11:04:51","modified_gmt":"2025-04-10T09:04:51","slug":"zvucni-top-u-strazburu","status":"publish","type":"post","link":"https:\/\/podcast.rs\/en\/zvucni-top-u-strazburu\/","title":{"rendered":"Zvu\u010dni top u Strazburu"},"content":{"rendered":"<p>Jo\u0161 se ne zna ko je i kojim sredstvom 15. marta 2025. poku\u0161ao da izazove tragediju u centru Beograda, ali je jasno da je to bio napad na \u017eivot, telo i slobode okupljenih ljudi. \u0160est organizacija civilnog dru\u0161tva primile su vi\u0161e od 4.000 svedo\u010denja u vezi sa ovim doga\u0111ajem. Govore Vladica Ili\u0107 iz Beogradskog centra za ljudska prava i Katarina Golubovi\u0107 iz YUCOM-a.<\/p>","protected":false},"excerpt":{"rendered":"<p>Jo\u0161 se ne zna ko je i kojim sredstvom 15. marta 2025. poku\u0161ao da izazove tragediju u centru Beograda, ali je jasno da je to bio napad na \u017eivot, telo i slobode okupljenih ljudi. \u0160est organizacija civilnog dru\u0161tva primile su vi\u0161e od 4.000 svedo\u010denja u vezi sa ovim doga\u0111ajem. Govore Vladica Ili\u0107 iz Beogradskog centra&#8230;<\/p>","protected":false},"author":3,"featured_media":6194,"comment_status":"close","ping_status":"closed","sticky":false,"template":"","format":"audio","meta":{"footnotes":""},"categories":[71],"tags":[],"class_list":["post-186460","post","type-post","status-publish","format-audio","has-post-thumbnail","hentry","category-pescanik","post_format-post-format-audio"],"_links":{"self":[{"href":"https:\/\/podcast.rs\/en\/wp-json\/wp\/v2\/posts\/186460","targetHints":{"allow":["GET"]}}],"collection":[{"href":"https:\/\/podcast.rs\/en\/wp-json\/wp\/v2\/posts"}],"about":[{"href":"https:\/\/podcast.rs\/en\/wp-json\/wp\/v2\/types\/post"}],"author":[{"embeddable":true,"href":"https:\/\/podcast.rs\/en\/wp-json\/wp\/v2\/users\/3"}],"replies":[{"embeddable":true,"href":"https:\/\/podcast.rs\/en\/wp-json\/wp\/v2\/comments?post=186460"}],"version-history":[{"count":1,"href":"https:\/\/podcast.rs\/en\/wp-json\/wp\/v2\/posts\/186460\/revisions"}],"predecessor-version":[{"id":186461,"href":"https:\/\/podcast.rs\/en\/wp-json\/wp\/v2\/posts\/186460\/revisions\/186461"}],"wp:featuredmedia":[{"embeddable":true,"href":"https:\/\/podcast.rs\/en\/wp-json\/wp\/v2\/media\/6194"}],"wp:attachment":[{"href":"https:\/\/podcast.rs\/en\/wp-json\/wp\/v2\/media?parent=186460"}],"wp:term":[{"taxonomy":"category","embeddable":true,"href":"https:\/\/podcast.rs\/en\/wp-json\/wp\/v2\/categories?post=186460"},{"taxonomy":"post_tag","embeddable":true,"href":"https:\/\/podcast.rs\/en\/wp-json\/wp\/v2\/tags?post=186460"}],"curies":[{"name":"wp","href":"https:\/\/api.w.org\/{rel}","templated":true}]}}