{"id":185120,"date":"2025-04-09T20:00:00","date_gmt":"2025-04-09T18:00:00","guid":{"rendered":"https:\/\/podcast.rs\/cudesna-sudbina-miss-medvedice-tetke-s05-e08\/"},"modified":"2025-04-09T20:00:00","modified_gmt":"2025-04-09T18:00:00","slug":"cudesna-sudbina-miss-medvedice-tetke-s05-e08","status":"publish","type":"post","link":"https:\/\/podcast.rs\/en\/cudesna-sudbina-miss-medvedice-tetke-s05-e08\/","title":{"rendered":"\u010cudesna sudbina miss medvedice \/ TETKE \/ S05 E08"},"content":{"rendered":"<p>Od ove sezone Tetke mo\u017eete podr\u017eati i na platformi <a href=\"https:\/\/www.patreon.com\/tetkepodkast\" target=\"_blank\" rel=\"noopener noreferer\">patreon<\/a>.<\/p>\n<p>Goran je pobedio na takmi\u010denju za mister medveda i sad nosom para oblake, osim kad vozi u auto-\u0161koli, to ga spusti na zemlju.<\/p>\n<p>\ud83c\udf99\ufe0f voditeljke: @<a href=\"https:\/\/www.instagram.com\/alexisplastic\" target=\"_blank\" rel=\"noopener noreferer\">alexisplastic<\/a>, @<a href=\"https:\/\/www.instagram.com\/vojinovic.jpg\" target=\"_blank\" rel=\"noopener noreferer\">vojinovic.jpg<\/a> i @<a href=\"https:\/\/www.instagram.com\/sunnoka\" target=\"_blank\" rel=\"noopener noreferer\">sunnoka<\/a><\/p>\n<p>\ud83d\uddbc\ufe0f vizuelni identitet i \u0161pica: @<a href=\"https:\/\/www.instagram.com\/vladimir.bmp\" target=\"_blank\" rel=\"noopener noreferer\">vladimir.bmp<\/a><\/p>\n<p>\u2702\ufe0f monta\u017ea: Tetka Goran<\/p>\n<\/p>\n<p>Pratite nas na instagramu: @<a href=\"https:\/\/www.instagram.com\/tetkepodkast\/\" target=\"_blank\" rel=\"noopener noreferer\">tetkepodkast<\/a><\/p>\n<p>Pratite nas na tviteru: @<a href=\"https:\/\/x.com\/tetkepodkast\" target=\"_blank\" rel=\"noopener noreferer\">tetkepodkast<\/a><\/p>","protected":false},"excerpt":{"rendered":"<p>Od ove sezone Tetke mo\u017eete podr\u017eati i na platformi patreon. Goran je pobedio na takmi\u010denju za mister medveda i sad nosom para oblake, osim kad vozi u auto-\u0161koli, to ga spusti na zemlju. \ud83c\udf99\ufe0f voditeljke: @alexisplastic, @vojinovic.jpg i @sunnoka \ud83d\uddbc\ufe0f vizuelni identitet i \u0161pica: @vladimir.bmp \u2702\ufe0f monta\u017ea: Tetka Goran Pratite nas na instagramu: @tetkepodkast Pratite&#8230;<\/p>","protected":false},"author":6,"featured_media":145892,"comment_status":"","ping_status":"closed","sticky":false,"template":"","format":"standard","meta":{"footnotes":""},"categories":[645],"tags":[],"class_list":["post-185120","post","type-post","status-publish","format-standard","has-post-thumbnail","hentry","category-tetke"],"_links":{"self":[{"href":"https:\/\/podcast.rs\/en\/wp-json\/wp\/v2\/posts\/185120","targetHints":{"allow":["GET"]}}],"collection":[{"href":"https:\/\/podcast.rs\/en\/wp-json\/wp\/v2\/posts"}],"about":[{"href":"https:\/\/podcast.rs\/en\/wp-json\/wp\/v2\/types\/post"}],"author":[{"embeddable":true,"href":"https:\/\/podcast.rs\/en\/wp-json\/wp\/v2\/users\/6"}],"replies":[{"embeddable":true,"href":"https:\/\/podcast.rs\/en\/wp-json\/wp\/v2\/comments?post=185120"}],"version-history":[{"count":0,"href":"https:\/\/podcast.rs\/en\/wp-json\/wp\/v2\/posts\/185120\/revisions"}],"wp:featuredmedia":[{"embeddable":true,"href":"https:\/\/podcast.rs\/en\/wp-json\/wp\/v2\/media\/145892"}],"wp:attachment":[{"href":"https:\/\/podcast.rs\/en\/wp-json\/wp\/v2\/media?parent=185120"}],"wp:term":[{"taxonomy":"category","embeddable":true,"href":"https:\/\/podcast.rs\/en\/wp-json\/wp\/v2\/categories?post=185120"},{"taxonomy":"post_tag","embeddable":true,"href":"https:\/\/podcast.rs\/en\/wp-json\/wp\/v2\/tags?post=185120"}],"curies":[{"name":"wp","href":"https:\/\/api.w.org\/{rel}","templated":true}]}}