{"id":184062,"date":"2025-04-09T11:41:57","date_gmt":"2025-04-09T09:41:57","guid":{"rendered":"https:\/\/podcast.rs\/e04-15-mart\/"},"modified":"2025-04-09T11:41:57","modified_gmt":"2025-04-09T09:41:57","slug":"e04-15-mart","status":"publish","type":"post","link":"https:\/\/podcast.rs\/en\/e04-15-mart\/","title":{"rendered":"E04: 15. mart"},"content":{"rendered":"<p>Petnaesti mart u Beogradu sigurno \u0107e jednom postati deo istorijskih ud\u017ebenika. Tog dana desio se protest ,,15. za 15\u201d, u organizaciji studenata i studentkinja u blokadi. Prema Arhivu javnih skupova,\u00a0ovom skupu prisustvovalo je\u00a0 izme\u0111u 275.000 i 325.000 ljudi, uz mogu\u0107nost da je taj broj bio i ve\u0107i. Utisak mnogih je da nikada nisu videli ve\u0107i broj ljudi na beogradskim ulicama, uprkos masovnom otkazivanju polazaka za Beograd od strane prevoznika \u0161irom Srbije i najavljivanju nasilnog skupa od strane vlasti. Borbi protiv korupcije pridru\u017eili su se i studenti-pe\u0161aci, koji su na nogama pre\u0161li stotine kilometara da bi do\u0161li u Beograd. Mnogi su od 15. marta o\u010dekivali \u0161esti oktobar. Revoluciju. Iskorenjivanje svega lo\u0161eg \u0161to nas je zadesilo kao narod.\u00a0Ali da li jedan dan zaista mo\u017ee toliko da bude presudan? \u010cu\u0107e\u0161 u ovoj epizodi.<\/p>","protected":false},"excerpt":{"rendered":"<p>Petnaesti mart u Beogradu sigurno \u0107e jednom postati deo istorijskih ud\u017ebenika. Tog dana desio se protest ,,15. za 15\u201d, u organizaciji studenata i studentkinja u blokadi. Prema Arhivu javnih skupova,\u00a0ovom skupu prisustvovalo je\u00a0 izme\u0111u 275.000 i 325.000 ljudi, uz mogu\u0107nost da je taj broj bio i ve\u0107i. Utisak mnogih je da nikada nisu videli ve\u0107i&#8230;<\/p>","protected":false},"author":4,"featured_media":148154,"comment_status":"","ping_status":"closed","sticky":false,"template":"","format":"standard","meta":{"footnotes":""},"categories":[649],"tags":[],"class_list":["post-184062","post","type-post","status-publish","format-standard","has-post-thumbnail","hentry","category-dnevnik-jedne-mladosti"],"_links":{"self":[{"href":"https:\/\/podcast.rs\/en\/wp-json\/wp\/v2\/posts\/184062","targetHints":{"allow":["GET"]}}],"collection":[{"href":"https:\/\/podcast.rs\/en\/wp-json\/wp\/v2\/posts"}],"about":[{"href":"https:\/\/podcast.rs\/en\/wp-json\/wp\/v2\/types\/post"}],"author":[{"embeddable":true,"href":"https:\/\/podcast.rs\/en\/wp-json\/wp\/v2\/users\/4"}],"replies":[{"embeddable":true,"href":"https:\/\/podcast.rs\/en\/wp-json\/wp\/v2\/comments?post=184062"}],"version-history":[{"count":0,"href":"https:\/\/podcast.rs\/en\/wp-json\/wp\/v2\/posts\/184062\/revisions"}],"wp:featuredmedia":[{"embeddable":true,"href":"https:\/\/podcast.rs\/en\/wp-json\/wp\/v2\/media\/148154"}],"wp:attachment":[{"href":"https:\/\/podcast.rs\/en\/wp-json\/wp\/v2\/media?parent=184062"}],"wp:term":[{"taxonomy":"category","embeddable":true,"href":"https:\/\/podcast.rs\/en\/wp-json\/wp\/v2\/categories?post=184062"},{"taxonomy":"post_tag","embeddable":true,"href":"https:\/\/podcast.rs\/en\/wp-json\/wp\/v2\/tags?post=184062"}],"curies":[{"name":"wp","href":"https:\/\/api.w.org\/{rel}","templated":true}]}}