{"id":178994,"date":"2025-04-07T15:30:33","date_gmt":"2025-04-07T15:30:33","guid":{"rendered":"https:\/\/podcast.rs\/?p=178994"},"modified":"2026-03-24T18:18:13","modified_gmt":"2026-03-24T16:18:13","slug":"milorad-dodik-od-politicke-nade-do-lica-s-tjeralice","status":"publish","type":"post","link":"https:\/\/podcast.rs\/en\/milorad-dodik-od-politicke-nade-do-lica-s-tjeralice\/","title":{"rendered":"Milorad Dodik &#8211; od politi\u010dke nade do lica s tjeralice"},"content":{"rendered":"<p>Milorad Dodik ve\u0107 godinama skrbi za negativne medijske napise i simbol je politi\u010dke krize u Bosni i Hercegovini. Najnoviji skandal vezan je uz protjerivanje njema\u010dke dr\u017eavne tajnice s teritorija Republike Srpske. No koji je izlaz iz serije kriza koje svojim postupcima uzrokuje predsjednik RS-a? I kako se Milorad Dodik iz politi\u010dke nade pretvorio u no\u0107nu moru Zapada. Nenad Kreizer razgovara s analiti\u010darem \u017deljkom Ralji\u0107em i reporterom Draganom Maksimovi\u0107em.<\/p>","protected":false},"excerpt":{"rendered":"<p>Milorad Dodik ve\u0107 godinama skrbi za negativne medijske napise i simbol je politi\u010dke krize u Bosni i Hercegovini. Najnoviji skandal vezan je uz protjerivanje njema\u010dke dr\u017eavne tajnice s teritorija Republike Srpske. No koji je izlaz iz serije kriza koje svojim postupcima uzrokuje predsjednik RS-a? I kako se Milorad Dodik iz politi\u010dke nade pretvorio u no\u0107nu&#8230;<\/p>","protected":false},"author":3,"featured_media":48737,"comment_status":"close","ping_status":"closed","sticky":false,"template":"","format":"audio","meta":{"footnotes":""},"categories":[183],"tags":[],"class_list":["post-178994","post","type-post","status-publish","format-audio","has-post-thumbnail","hentry","category-cosmo","post_format-post-format-audio"],"_links":{"self":[{"href":"https:\/\/podcast.rs\/en\/wp-json\/wp\/v2\/posts\/178994","targetHints":{"allow":["GET"]}}],"collection":[{"href":"https:\/\/podcast.rs\/en\/wp-json\/wp\/v2\/posts"}],"about":[{"href":"https:\/\/podcast.rs\/en\/wp-json\/wp\/v2\/types\/post"}],"author":[{"embeddable":true,"href":"https:\/\/podcast.rs\/en\/wp-json\/wp\/v2\/users\/3"}],"replies":[{"embeddable":true,"href":"https:\/\/podcast.rs\/en\/wp-json\/wp\/v2\/comments?post=178994"}],"version-history":[{"count":2,"href":"https:\/\/podcast.rs\/en\/wp-json\/wp\/v2\/posts\/178994\/revisions"}],"predecessor-version":[{"id":659841,"href":"https:\/\/podcast.rs\/en\/wp-json\/wp\/v2\/posts\/178994\/revisions\/659841"}],"wp:featuredmedia":[{"embeddable":true,"href":"https:\/\/podcast.rs\/en\/wp-json\/wp\/v2\/media\/48737"}],"wp:attachment":[{"href":"https:\/\/podcast.rs\/en\/wp-json\/wp\/v2\/media?parent=178994"}],"wp:term":[{"taxonomy":"category","embeddable":true,"href":"https:\/\/podcast.rs\/en\/wp-json\/wp\/v2\/categories?post=178994"},{"taxonomy":"post_tag","embeddable":true,"href":"https:\/\/podcast.rs\/en\/wp-json\/wp\/v2\/tags?post=178994"}],"curies":[{"name":"wp","href":"https:\/\/api.w.org\/{rel}","templated":true}]}}