{"id":178867,"date":"2025-04-07T16:15:05","date_gmt":"2025-04-07T14:15:05","guid":{"rendered":"https:\/\/podcast.rs\/iza-vesti-goran-roglic\/"},"modified":"2026-04-26T01:13:18","modified_gmt":"2026-04-25T23:13:18","slug":"iza-vesti-goran-roglic","status":"publish","type":"post","link":"https:\/\/podcast.rs\/en\/iza-vesti-goran-roglic\/","title":{"rendered":"Iza vesti: Goran Rogli\u0107"},"content":{"rendered":"<p>Dekan Hemijskog fakulteta u Beogradu Goran Rogli\u0107 izjavio je danas da od poslednje dve &#8211; tri nedelje imamo apsolutno neprimirenu reakciju vlasti prema Univerzitetu u Beogradu, i to od najvi\u0161ih predstavnika vlasti. &#8222;Ukoliko predsednica Skup\u0161tine, ministri, predsednik dr\u017eave dozvole sebi da nazivaju rektora i dekane kriminalcima, tvorcima obojene revolucije, ljudima koje treba uhapsiti, kako druga\u010dije tuma\u010diti nego da je dr\u017eava otvorila rat protiv nas&#8220;, ocenio je dekan.<\/p>","protected":false},"excerpt":{"rendered":"<p>Dekan Hemijskog fakulteta u Beogradu Goran Rogli\u0107 izjavio je danas da od poslednje dve &#8211; tri nedelje imamo apsolutno neprimirenu reakciju vlasti prema Univerzitetu u Beogradu, i to od najvi\u0161ih predstavnika vlasti. &#8222;Ukoliko predsednica Skup\u0161tine, ministri, predsednik dr\u017eave dozvole sebi da nazivaju rektora i dekane kriminalcima, tvorcima obojene revolucije, ljudima koje treba uhapsiti, kako druga\u010dije&#8230;<\/p>","protected":false},"author":3,"featured_media":89917,"comment_status":"closed","ping_status":"closed","sticky":false,"template":"","format":"standard","meta":{"footnotes":""},"categories":[513],"tags":[],"class_list":["post-178867","post","type-post","status-publish","format-standard","has-post-thumbnail","hentry","category-n1-srbija"],"_links":{"self":[{"href":"https:\/\/podcast.rs\/en\/wp-json\/wp\/v2\/posts\/178867","targetHints":{"allow":["GET"]}}],"collection":[{"href":"https:\/\/podcast.rs\/en\/wp-json\/wp\/v2\/posts"}],"about":[{"href":"https:\/\/podcast.rs\/en\/wp-json\/wp\/v2\/types\/post"}],"author":[{"embeddable":true,"href":"https:\/\/podcast.rs\/en\/wp-json\/wp\/v2\/users\/3"}],"replies":[{"embeddable":true,"href":"https:\/\/podcast.rs\/en\/wp-json\/wp\/v2\/comments?post=178867"}],"version-history":[{"count":1,"href":"https:\/\/podcast.rs\/en\/wp-json\/wp\/v2\/posts\/178867\/revisions"}],"predecessor-version":[{"id":178999,"href":"https:\/\/podcast.rs\/en\/wp-json\/wp\/v2\/posts\/178867\/revisions\/178999"}],"wp:featuredmedia":[{"embeddable":true,"href":"https:\/\/podcast.rs\/en\/wp-json\/wp\/v2\/media\/89917"}],"wp:attachment":[{"href":"https:\/\/podcast.rs\/en\/wp-json\/wp\/v2\/media?parent=178867"}],"wp:term":[{"taxonomy":"category","embeddable":true,"href":"https:\/\/podcast.rs\/en\/wp-json\/wp\/v2\/categories?post=178867"},{"taxonomy":"post_tag","embeddable":true,"href":"https:\/\/podcast.rs\/en\/wp-json\/wp\/v2\/tags?post=178867"}],"curies":[{"name":"wp","href":"https:\/\/api.w.org\/{rel}","templated":true}]}}