{"id":167898,"date":"2025-04-03T16:13:05","date_gmt":"2025-04-03T14:13:05","guid":{"rendered":"https:\/\/podcast.rs\/iza-vesti-vladimir-prebilic\/"},"modified":"2026-04-26T01:13:18","modified_gmt":"2026-04-25T23:13:18","slug":"iza-vesti-vladimir-prebilic","status":"publish","type":"post","link":"https:\/\/podcast.rs\/en\/iza-vesti-vladimir-prebilic\/","title":{"rendered":"Iza vesti: Vladimir Prebili\u010d"},"content":{"rendered":"<p>Da li \u0107e studenti biciklisti u Strazburu biti dragi gosti?<\/p>\n<\/p>\n<p>Gost Danice Vu\u010deni\u0107 u Iza vesti bio je evroposlanik Vladimir Prebili\u010d.<\/p>","protected":false},"excerpt":{"rendered":"<p>Da li \u0107e studenti biciklisti u Strazburu biti dragi gosti? Gost Danice Vu\u010deni\u0107 u Iza vesti bio je evroposlanik Vladimir Prebili\u010d.<\/p>","protected":false},"author":3,"featured_media":95189,"comment_status":"closed","ping_status":"closed","sticky":false,"template":"","format":"standard","meta":{"footnotes":""},"categories":[513],"tags":[],"class_list":["post-167898","post","type-post","status-publish","format-standard","has-post-thumbnail","hentry","category-n1-srbija"],"_links":{"self":[{"href":"https:\/\/podcast.rs\/en\/wp-json\/wp\/v2\/posts\/167898","targetHints":{"allow":["GET"]}}],"collection":[{"href":"https:\/\/podcast.rs\/en\/wp-json\/wp\/v2\/posts"}],"about":[{"href":"https:\/\/podcast.rs\/en\/wp-json\/wp\/v2\/types\/post"}],"author":[{"embeddable":true,"href":"https:\/\/podcast.rs\/en\/wp-json\/wp\/v2\/users\/3"}],"replies":[{"embeddable":true,"href":"https:\/\/podcast.rs\/en\/wp-json\/wp\/v2\/comments?post=167898"}],"version-history":[{"count":1,"href":"https:\/\/podcast.rs\/en\/wp-json\/wp\/v2\/posts\/167898\/revisions"}],"predecessor-version":[{"id":168030,"href":"https:\/\/podcast.rs\/en\/wp-json\/wp\/v2\/posts\/167898\/revisions\/168030"}],"wp:featuredmedia":[{"embeddable":true,"href":"https:\/\/podcast.rs\/en\/wp-json\/wp\/v2\/media\/95189"}],"wp:attachment":[{"href":"https:\/\/podcast.rs\/en\/wp-json\/wp\/v2\/media?parent=167898"}],"wp:term":[{"taxonomy":"category","embeddable":true,"href":"https:\/\/podcast.rs\/en\/wp-json\/wp\/v2\/categories?post=167898"},{"taxonomy":"post_tag","embeddable":true,"href":"https:\/\/podcast.rs\/en\/wp-json\/wp\/v2\/tags?post=167898"}],"curies":[{"name":"wp","href":"https:\/\/api.w.org\/{rel}","templated":true}]}}