{"id":167123,"date":"2025-04-03T08:34:58","date_gmt":"2025-04-03T06:34:58","guid":{"rendered":"https:\/\/podcast.rs\/fwd-se1-o-cemu-smo-pricali-u-prvoj-sezoni-podkasta\/"},"modified":"2025-04-03T08:34:58","modified_gmt":"2025-04-03T06:34:58","slug":"fwd-se1-o-cemu-smo-pricali-u-prvoj-sezoni-podkasta","status":"publish","type":"post","link":"https:\/\/podcast.rs\/en\/fwd-se1-o-cemu-smo-pricali-u-prvoj-sezoni-podkasta\/","title":{"rendered":"FWD SE1: O \u010demu smo pri\u010dali u prvoj sezoni podkasta"},"content":{"rendered":"<p>\ud83c\udfa7 FWD SE1: O \u010demu smo se pri\u010dali u prvoj sezoni podkasta | TeleSrbija podcast \ud83c\udfa7 <\/p>\n<\/p>\n<p>U poslednjoj epizodi prve sezone TeleSrbija podkasta, sumirali smo sve klju\u010dne teme o kojima smo razgovarali tokom prethodnih epizoda. <\/p>\n<p>Kroz uvide stru\u010dnjaka iz razli\u010ditih oblasti telekomunikacija, poku\u0161ali smo da pribli\u017eimo tehnologiju i aktuelne trendove \u0161iroj publici. <\/p>\n<p>Dotakli smo se mnogih va\u017enih tema koje su otvorile prostor za razmi\u0161ljanje o budu\u0107nosti telekomunikacija, inovacijama, ali i izazovima koji nas \u010dekaju. <\/p>\n<p>Na kraju, zahvalili smo se svima koji nas prate i podr\u017eavaju tokom prve sezone, a uzbu\u0111eni smo zbog novih tema i gostiju koji nas o\u010dekuju u nastavku. <\/p>\n<p>Ne zaboravite i da se pretplatite na na\u0161 kanal i obavezno aktivirajte zvonce da ne biste propustili nijednu novu epizodu TeleSrbija podcasta! <\/p>\n<\/p>\n<p><strong>Voditelji<\/strong> <\/p>\n<p>Milan Kragujevi\u0107 je glavni i odgovorni urednik kao i osniva\u010d portala TeleSrbija, stru\u010dnjak za IKT i entuzijasta za nove tehnologije. <\/p>\n<p>Dijana Milutinovi\u0107 je komunikolog sa vi\u0161e od 15 godina iskustva, posve\u0107ena IT sektoru i novim tehnologijama. <\/p>\n<\/p>\n<p><strong>O portalu <\/strong><\/p>\n<p>TeleSrbija je vode\u0107i telco news portal u Srbiji i regionu, i predstavlja jedini ovakav stru\u010dni medij u Srbiji, sa posve\u0107enom publikom i pa\u017eljivo izgra\u0111enim autoritetom. Prate\u0107i svetske i doma\u0107e trendove u svetu telekomunikacija, mi izve\u0161tavamo pravovremeno, ta\u010dno i nepristrasno.<\/p>","protected":false},"excerpt":{"rendered":"<p>\ud83c\udfa7 FWD SE1: O \u010demu smo se pri\u010dali u prvoj sezoni podkasta | TeleSrbija podcast \ud83c\udfa7 U poslednjoj epizodi prve sezone TeleSrbija podkasta, sumirali smo sve klju\u010dne teme o kojima smo razgovarali tokom prethodnih epizoda. Kroz uvide stru\u010dnjaka iz razli\u010ditih oblasti telekomunikacija, poku\u0161ali smo da pribli\u017eimo tehnologiju i aktuelne trendove \u0161iroj publici. Dotakli smo se&#8230;<\/p>","protected":false},"author":4,"featured_media":113407,"comment_status":"","ping_status":"closed","sticky":false,"template":"","format":"standard","meta":{"footnotes":""},"categories":[611],"tags":[],"class_list":["post-167123","post","type-post","status-publish","format-standard","has-post-thumbnail","hentry","category-telesrbija"],"_links":{"self":[{"href":"https:\/\/podcast.rs\/en\/wp-json\/wp\/v2\/posts\/167123","targetHints":{"allow":["GET"]}}],"collection":[{"href":"https:\/\/podcast.rs\/en\/wp-json\/wp\/v2\/posts"}],"about":[{"href":"https:\/\/podcast.rs\/en\/wp-json\/wp\/v2\/types\/post"}],"author":[{"embeddable":true,"href":"https:\/\/podcast.rs\/en\/wp-json\/wp\/v2\/users\/4"}],"replies":[{"embeddable":true,"href":"https:\/\/podcast.rs\/en\/wp-json\/wp\/v2\/comments?post=167123"}],"version-history":[{"count":0,"href":"https:\/\/podcast.rs\/en\/wp-json\/wp\/v2\/posts\/167123\/revisions"}],"wp:featuredmedia":[{"embeddable":true,"href":"https:\/\/podcast.rs\/en\/wp-json\/wp\/v2\/media\/113407"}],"wp:attachment":[{"href":"https:\/\/podcast.rs\/en\/wp-json\/wp\/v2\/media?parent=167123"}],"wp:term":[{"taxonomy":"category","embeddable":true,"href":"https:\/\/podcast.rs\/en\/wp-json\/wp\/v2\/categories?post=167123"},{"taxonomy":"post_tag","embeddable":true,"href":"https:\/\/podcast.rs\/en\/wp-json\/wp\/v2\/tags?post=167123"}],"curies":[{"name":"wp","href":"https:\/\/api.w.org\/{rel}","templated":true}]}}