{"id":159071,"date":"2025-03-31T09:37:06","date_gmt":"2025-03-31T07:37:06","guid":{"rendered":"https:\/\/podcast.rs\/e03-sta-je-prethodilo-15-martu\/"},"modified":"2025-03-31T09:37:06","modified_gmt":"2025-03-31T07:37:06","slug":"e03-sta-je-prethodilo-15-martu","status":"publish","type":"post","link":"https:\/\/podcast.rs\/en\/e03-sta-je-prethodilo-15-martu\/","title":{"rendered":"E03: \u0160ta je prethodilo 15. martu"},"content":{"rendered":"<p>Od pada nadstre\u0161nice na \u017eelezni\u010dkoj stanici u Novom Sadu, protesti u organizaciji studenata i studentkinja u blokadi su veoma \u010desti. U nekim periodima i svakodnevni. Od svih ovih demonstracija, najvi\u0161e se izdvajaju one kada su studenti i pe\u0161a\u010dili do mesta okupljanja, u znak bu\u0111enja celokupne Srbije i puta ka boljoj budu\u0107nosti. Krajnja odredi\u0161ta mar\u0161eva bila su Novi Sad, Kragujevac i Ni\u0161, a 15. marta je na red do\u0161ao i mar\u0161 do Beograda. Dok vlast uverava da \u0107e se ovim protestom pobuna zavr\u0161iti, studenti isti\u010du da \u0107e biti kraj kad oni odrede da je kraj. Odnosno, po ispunjenju studentskih zahteva, koji su aktuelni ve\u0107 \u010detiri meseca. \u0160ta je prethodilo 15. martu? Kako se Beograd spremao za verovatno najve\u0107i protest u njegovoj istoriji? Saznaj u ovoj epizodi Dnevnika jedne mladosti.<\/p>","protected":false},"excerpt":{"rendered":"<p>Od pada nadstre\u0161nice na \u017eelezni\u010dkoj stanici u Novom Sadu, protesti u organizaciji studenata i studentkinja u blokadi su veoma \u010desti. U nekim periodima i svakodnevni. Od svih ovih demonstracija, najvi\u0161e se izdvajaju one kada su studenti i pe\u0161a\u010dili do mesta okupljanja, u znak bu\u0111enja celokupne Srbije i puta ka boljoj budu\u0107nosti. Krajnja odredi\u0161ta mar\u0161eva bila&#8230;<\/p>","protected":false},"author":4,"featured_media":148154,"comment_status":"","ping_status":"closed","sticky":false,"template":"","format":"standard","meta":{"footnotes":""},"categories":[649],"tags":[],"class_list":["post-159071","post","type-post","status-publish","format-standard","has-post-thumbnail","hentry","category-dnevnik-jedne-mladosti"],"_links":{"self":[{"href":"https:\/\/podcast.rs\/en\/wp-json\/wp\/v2\/posts\/159071","targetHints":{"allow":["GET"]}}],"collection":[{"href":"https:\/\/podcast.rs\/en\/wp-json\/wp\/v2\/posts"}],"about":[{"href":"https:\/\/podcast.rs\/en\/wp-json\/wp\/v2\/types\/post"}],"author":[{"embeddable":true,"href":"https:\/\/podcast.rs\/en\/wp-json\/wp\/v2\/users\/4"}],"replies":[{"embeddable":true,"href":"https:\/\/podcast.rs\/en\/wp-json\/wp\/v2\/comments?post=159071"}],"version-history":[{"count":0,"href":"https:\/\/podcast.rs\/en\/wp-json\/wp\/v2\/posts\/159071\/revisions"}],"wp:featuredmedia":[{"embeddable":true,"href":"https:\/\/podcast.rs\/en\/wp-json\/wp\/v2\/media\/148154"}],"wp:attachment":[{"href":"https:\/\/podcast.rs\/en\/wp-json\/wp\/v2\/media?parent=159071"}],"wp:term":[{"taxonomy":"category","embeddable":true,"href":"https:\/\/podcast.rs\/en\/wp-json\/wp\/v2\/categories?post=159071"},{"taxonomy":"post_tag","embeddable":true,"href":"https:\/\/podcast.rs\/en\/wp-json\/wp\/v2\/tags?post=159071"}],"curies":[{"name":"wp","href":"https:\/\/api.w.org\/{rel}","templated":true}]}}