{"id":158278,"date":"2025-02-12T15:00:00","date_gmt":"2025-02-12T13:00:00","guid":{"rendered":"https:\/\/podcast.rs\/slucaj-koji-je-potresao-hrvatsku-antonia-bilic\/"},"modified":"2025-02-12T15:00:00","modified_gmt":"2025-02-12T13:00:00","slug":"slucaj-koji-je-potresao-hrvatsku-antonia-bilic","status":"publish","type":"post","link":"https:\/\/podcast.rs\/en\/slucaj-koji-je-potresao-hrvatsku-antonia-bilic\/","title":{"rendered":"Slu\u010daj koji je potresao Hrvatsku: Antonia Bili\u0107"},"content":{"rendered":"<p>Danas \u0107emo zaviriti u slu\u010daj koji je \u017eestoko potresao cijeluregiju. Ljeto 2011 izrodilo je jednu od najve\u0107ih potraga u hrvatskoj povijesti. Jedna obitelj tog je ljeta ostala bez k\u0107eri, sestre, unuke\u2026. A svatko od nas tko ima dovoljno godina da se sje\u0107a slu\u010daja, otprilike mo\u017ee re\u0107i gdje je bio kada je prvi puta \u010duo ime Antonije Bili\u0107. <\/p>\n<p>Music: Vasya Sakal<\/p><\/p>","protected":false},"excerpt":{"rendered":"<p>Danas \u0107emo zaviriti u slu\u010daj koji je \u017eestoko potresao cijeluregiju. Ljeto 2011 izrodilo je jednu od najve\u0107ih potraga u hrvatskoj povijesti. Jedna obitelj tog je ljeta ostala bez k\u0107eri, sestre, unuke\u2026. A svatko od nas tko ima dovoljno godina da se sje\u0107a slu\u010daja, otprilike mo\u017ee re\u0107i gdje je bio kada je prvi puta \u010duo ime&#8230;<\/p>","protected":false},"author":3,"featured_media":158274,"comment_status":"","ping_status":"closed","sticky":false,"template":"","format":"standard","meta":{"footnotes":""},"categories":[661],"tags":[],"class_list":["post-158278","post","type-post","status-publish","format-standard","has-post-thumbnail","hentry","category-brutalno"],"_links":{"self":[{"href":"https:\/\/podcast.rs\/en\/wp-json\/wp\/v2\/posts\/158278","targetHints":{"allow":["GET"]}}],"collection":[{"href":"https:\/\/podcast.rs\/en\/wp-json\/wp\/v2\/posts"}],"about":[{"href":"https:\/\/podcast.rs\/en\/wp-json\/wp\/v2\/types\/post"}],"author":[{"embeddable":true,"href":"https:\/\/podcast.rs\/en\/wp-json\/wp\/v2\/users\/3"}],"replies":[{"embeddable":true,"href":"https:\/\/podcast.rs\/en\/wp-json\/wp\/v2\/comments?post=158278"}],"version-history":[{"count":0,"href":"https:\/\/podcast.rs\/en\/wp-json\/wp\/v2\/posts\/158278\/revisions"}],"wp:featuredmedia":[{"embeddable":true,"href":"https:\/\/podcast.rs\/en\/wp-json\/wp\/v2\/media\/158274"}],"wp:attachment":[{"href":"https:\/\/podcast.rs\/en\/wp-json\/wp\/v2\/media?parent=158278"}],"wp:term":[{"taxonomy":"category","embeddable":true,"href":"https:\/\/podcast.rs\/en\/wp-json\/wp\/v2\/categories?post=158278"},{"taxonomy":"post_tag","embeddable":true,"href":"https:\/\/podcast.rs\/en\/wp-json\/wp\/v2\/tags?post=158278"}],"curies":[{"name":"wp","href":"https:\/\/api.w.org\/{rel}","templated":true}]}}