{"id":157048,"date":"2025-03-18T18:39:23","date_gmt":"2025-03-18T16:39:23","guid":{"rendered":"https:\/\/podcast.rs\/80-kralj-nikola-i-petrovic\/"},"modified":"2025-03-18T18:39:23","modified_gmt":"2025-03-18T16:39:23","slug":"80-kralj-nikola-i-petrovic","status":"publish","type":"post","link":"https:\/\/podcast.rs\/en\/80-kralj-nikola-i-petrovic\/","title":{"rendered":"80 &#8211; Kralj Nikola I Petrovi\u0107"},"content":{"rendered":"<p>80 &#8211; U novoj epizodi upoznajemo najdugove\u010dnijeg srpskog vladara, \u010dija je vladavina obele\u017eila crnogorsku istoriju \u2013 od borbi na bojnom polju do diplomatskih salona Evrope. Bio je pesnik i ratnik, tradicionalista i reformator, knjaz pa kralj. Ko je zaista bio Nikola I Petrovi\u0107 Njego\u0161, ve\u0107i Srbin od bilo kog srpskog valdara, i kakvo je nasle\u0111e ostavio Crnoj Gori? Istori\u010dari Ivan Drlja\u010da i Nikola \u0110uki\u0107 vode vas kroz \u017eivopisnu pri\u010du o monarhu koji je svojom harizmom osvajao evropske dvorove, ali i suo\u010davao se sa izazovima koje su nosila burna vremena prelaza iz 19. u 20. vek. \u010cu\u0107ete i kako je Nikola bio nazvan &#8222;prvi tast Evrope&#8220;, budu\u0107i da je njegove \u0107erke i sinove povezao bra\u010dnim vezama sa najzna\u010dajnijim evropskim dinastijama, uklju\u010duju\u0107i rusku, srpsku i italijansku kraljevsku porodicu. Otkri\u0107ete kako je kralj Nikola bio jedan od najproduktivnijih vladara-pesnika svog vremena, autor tradicionalne crnogorske himne &#8222;Onamo, &#8216;namo&#8220;. Bi\u0107e re\u010di i o njegovim diplomatskim potezima, poput \u010duvenog me\u0111unarodnog priznanja crnogorske nezavisnosti na Berlinskom kongresu 1878. godine, kao i o odnosu sa savremenicima poput kralja Milana Obrenovi\u0107a i kralja Aleksandra Kara\u0111or\u0111evi\u0107a. Spremite se za epizodu punu anegdota, malo poznatih \u010dinjenica i zanimljivih pogleda na \u017eivot \u010doveka \u010dija legenda \u017eivi do danas.<\/p>","protected":false},"excerpt":{"rendered":"<p>80 &#8211; U novoj epizodi upoznajemo najdugove\u010dnijeg srpskog vladara, \u010dija je vladavina obele\u017eila crnogorsku istoriju \u2013 od borbi na bojnom polju do diplomatskih salona Evrope. Bio je pesnik i ratnik, tradicionalista i reformator, knjaz pa kralj. Ko je zaista bio Nikola I Petrovi\u0107 Njego\u0161, ve\u0107i Srbin od bilo kog srpskog valdara, i kakvo je nasle\u0111e&#8230;<\/p>","protected":false},"author":3,"featured_media":90497,"comment_status":"","ping_status":"closed","sticky":false,"template":"","format":"standard","meta":{"footnotes":""},"categories":[558],"tags":[],"class_list":["post-157048","post","type-post","status-publish","format-standard","has-post-thumbnail","hentry","category-historycast"],"_links":{"self":[{"href":"https:\/\/podcast.rs\/en\/wp-json\/wp\/v2\/posts\/157048","targetHints":{"allow":["GET"]}}],"collection":[{"href":"https:\/\/podcast.rs\/en\/wp-json\/wp\/v2\/posts"}],"about":[{"href":"https:\/\/podcast.rs\/en\/wp-json\/wp\/v2\/types\/post"}],"author":[{"embeddable":true,"href":"https:\/\/podcast.rs\/en\/wp-json\/wp\/v2\/users\/3"}],"replies":[{"embeddable":true,"href":"https:\/\/podcast.rs\/en\/wp-json\/wp\/v2\/comments?post=157048"}],"version-history":[{"count":0,"href":"https:\/\/podcast.rs\/en\/wp-json\/wp\/v2\/posts\/157048\/revisions"}],"wp:featuredmedia":[{"embeddable":true,"href":"https:\/\/podcast.rs\/en\/wp-json\/wp\/v2\/media\/90497"}],"wp:attachment":[{"href":"https:\/\/podcast.rs\/en\/wp-json\/wp\/v2\/media?parent=157048"}],"wp:term":[{"taxonomy":"category","embeddable":true,"href":"https:\/\/podcast.rs\/en\/wp-json\/wp\/v2\/categories?post=157048"},{"taxonomy":"post_tag","embeddable":true,"href":"https:\/\/podcast.rs\/en\/wp-json\/wp\/v2\/tags?post=157048"}],"curies":[{"name":"wp","href":"https:\/\/api.w.org\/{rel}","templated":true}]}}