{"id":156784,"date":"2025-03-14T20:00:00","date_gmt":"2025-03-14T18:00:00","guid":{"rendered":"https:\/\/podcast.rs\/mayhem-tetke-s05-e07\/"},"modified":"2025-03-14T20:00:00","modified_gmt":"2025-03-14T18:00:00","slug":"mayhem-tetke-s05-e07","status":"publish","type":"post","link":"https:\/\/podcast.rs\/en\/mayhem-tetke-s05-e07\/","title":{"rendered":"Mayhem \/ TETKE \/ S05 E07"},"content":{"rendered":"<p>Da li ste o\u010dekivali u roku od dva dana dve epizode? Nismo ni mi. Sve u svemu, dok se spremate za izlazak na Thank U Next u Dragstoru ili za sutra\u0161nji protest, popijte kaficu s nama dok pri\u010damo o novom albumu Lejdi Gage i o smrti Sa\u0161e Popovi\u0107a.<\/p>\n<\/p>\n<p>Od ove sezone Tetke mo\u017eete podr\u017eati i na platformi <a href=\"https:\/\/www.patreon.com\/tetkepodkast\" target=\"_blank\" rel=\"ugc noopener noreferrer\">patreon<\/a>.<\/p>\n<\/p>\n<p>\ud83c\udf99\ufe0f voditeljke: @<a href=\"https:\/\/www.instagram.com\/alexisplastic\" target=\"_blank\" rel=\"ugc noopener noreferrer\">alexisplastic<\/a>, @<a href=\"https:\/\/www.instagram.com\/vojinovic.jpg\" target=\"_blank\" rel=\"ugc noopener noreferrer\">vojinovic.jpg<\/a> i @<a href=\"https:\/\/www.instagram.com\/sunnoka\" target=\"_blank\" rel=\"ugc noopener noreferrer\">sunnoka<\/a><\/p>\n<p>\ud83d\uddbc\ufe0f vizuelni identitet i \u0161pica: @<a href=\"https:\/\/www.instagram.com\/vladimir.bmp\" target=\"_blank\" rel=\"ugc noopener noreferrer\">vladimir.bmp<\/a><\/p>\n<p>\u2702\ufe0f monta\u017ea: Tetka Goran<\/p>\n<\/p>\n<p>Pratite nas na instagramu: @<a href=\"https:\/\/www.instagram.com\/tetkepodkast\/\" target=\"_blank\" rel=\"ugc noopener noreferrer\">tetkepodkast<\/a><\/p>\n<p>Pratite nas na tviteru: @<a href=\"https:\/\/x.com\/tetkepodkast\" target=\"_blank\" rel=\"ugc noopener noreferrer\">tetkepodkast<\/a><\/p>","protected":false},"excerpt":{"rendered":"<p>Da li ste o\u010dekivali u roku od dva dana dve epizode? Nismo ni mi. Sve u svemu, dok se spremate za izlazak na Thank U Next u Dragstoru ili za sutra\u0161nji protest, popijte kaficu s nama dok pri\u010damo o novom albumu Lejdi Gage i o smrti Sa\u0161e Popovi\u0107a. Od ove sezone Tetke mo\u017eete podr\u017eati i&#8230;<\/p>","protected":false},"author":6,"featured_media":145892,"comment_status":"","ping_status":"closed","sticky":false,"template":"","format":"standard","meta":{"footnotes":""},"categories":[645],"tags":[],"class_list":["post-156784","post","type-post","status-publish","format-standard","has-post-thumbnail","hentry","category-tetke"],"_links":{"self":[{"href":"https:\/\/podcast.rs\/en\/wp-json\/wp\/v2\/posts\/156784","targetHints":{"allow":["GET"]}}],"collection":[{"href":"https:\/\/podcast.rs\/en\/wp-json\/wp\/v2\/posts"}],"about":[{"href":"https:\/\/podcast.rs\/en\/wp-json\/wp\/v2\/types\/post"}],"author":[{"embeddable":true,"href":"https:\/\/podcast.rs\/en\/wp-json\/wp\/v2\/users\/6"}],"replies":[{"embeddable":true,"href":"https:\/\/podcast.rs\/en\/wp-json\/wp\/v2\/comments?post=156784"}],"version-history":[{"count":0,"href":"https:\/\/podcast.rs\/en\/wp-json\/wp\/v2\/posts\/156784\/revisions"}],"wp:featuredmedia":[{"embeddable":true,"href":"https:\/\/podcast.rs\/en\/wp-json\/wp\/v2\/media\/145892"}],"wp:attachment":[{"href":"https:\/\/podcast.rs\/en\/wp-json\/wp\/v2\/media?parent=156784"}],"wp:term":[{"taxonomy":"category","embeddable":true,"href":"https:\/\/podcast.rs\/en\/wp-json\/wp\/v2\/categories?post=156784"},{"taxonomy":"post_tag","embeddable":true,"href":"https:\/\/podcast.rs\/en\/wp-json\/wp\/v2\/tags?post=156784"}],"curies":[{"name":"wp","href":"https:\/\/api.w.org\/{rel}","templated":true}]}}