{"id":156687,"date":"2025-03-13T11:40:46","date_gmt":"2025-03-13T09:40:46","guid":{"rendered":"https:\/\/podcast.rs\/placamo-vise-dobijamo-manje-sta-se-desava-sa-telekomunikacijama\/"},"modified":"2025-03-13T11:40:46","modified_gmt":"2025-03-13T09:40:46","slug":"placamo-vise-dobijamo-manje-sta-se-desava-sa-telekomunikacijama","status":"publish","type":"post","link":"https:\/\/podcast.rs\/en\/placamo-vise-dobijamo-manje-sta-se-desava-sa-telekomunikacijama\/","title":{"rendered":"Pla\u0107amo vi\u0161e, dobijamo manje \u2013 \u0161ta se de\u0161ava sa telekomunikacijama?"},"content":{"rendered":"<p>\ud83c\udfa7 Pla\u0107amo vi\u0161e, dobijamo manje \u2013 \u0161ta se de\u0161ava sa telekomunikacijama? | TeleSrbija podcast \ud83c\udfa7 <\/p>\n<p>U ovoj epizodi ugostili smo Dejana Gavrilovi\u0107a iz Udru\u017eenja potro\u0161a\u010da Efektiva i analizirali kako su telekomunikacione usluge poskupljivale tokom poslednjih 16 godina. Koji operateri su naj\u010de\u0161\u0107e dizali cene i koliko su ta poskupljenja bila u\u010destala? <\/p>\n<p>Razgovarali smo o tr\u017ei\u0161noj situaciji da kada jedan od njih povisi cenu, svi prate njegov primer, koja direktno uti\u010de na poskupljenje cena telekomunikacionih usluga. Pri\u010dali smo i o fenomenu &#8222;\u0161rinkflacije&#8220; \u2013 kada operateri smanjuju obim usluga u paketima, dok istovremeno pove\u0107avaju njihove cene. <\/p>\n<p>Razmatrali smo i pravnu stranu problema: \u0161ta ugovorna obaveza zaista zna\u010di za korisnike i pod kojim uslovima je mogu\u0107e raskinuti ugovor? <\/p>\n<p>Na kraju, osvrnuli smo se na situaciju u regionu i na to kako se korisnici bore sa poskupljenjem. Postoje li prihvatljiva re\u0161enja i na koji na\u010din potro\u0161a\u010di mogu za\u0161tititi svoja prava?<\/p>\n<p> Ne propustite da \u010dujete sve detalje u novoj epizodi TeleSrbija podkasta! <\/p>\n<p>Ne zaboravite i da se pretplatite na na\u0161 kanal i obavezno aktivirajte zvonce da ne biste propustili nijednu novu epizodu TeleSrbija podcasta! <\/p>\n<\/p>\n<p><strong>Voditelji <\/strong><\/p>\n<p>Milan Kragujevi\u0107 je glavni i odgovorni urednik kao i osniva\u010d portala TeleSrbija, stru\u010dnjak za IKT i entuzijasta za nove tehnologije. <\/p>\n<p>Dijana Milutinovi\u0107 je komunikolog sa vi\u0161e od 15 godina iskustva, posve\u0107ena IT sektoru i novim tehnologijama. <\/p>\n<\/p>\n<p><strong>O portalu <\/strong><\/p>\n<p>TeleSrbija je vode\u0107i telco news portal u Srbiji i regionu, i predstavlja jedini ovakav stru\u010dni medij u Srbiji, sa posve\u0107enom publikom i pa\u017eljivo izgra\u0111enim autoritetom. Prate\u0107i svetske i doma\u0107e trendove u svetu telekomunikacija, mi izve\u0161tavamo pravovremeno, ta\u010dno i nepristrasno.<\/p>","protected":false},"excerpt":{"rendered":"<p>\ud83c\udfa7 Pla\u0107amo vi\u0161e, dobijamo manje \u2013 \u0161ta se de\u0161ava sa telekomunikacijama? | TeleSrbija podcast \ud83c\udfa7 U ovoj epizodi ugostili smo Dejana Gavrilovi\u0107a iz Udru\u017eenja potro\u0161a\u010da Efektiva i analizirali kako su telekomunikacione usluge poskupljivale tokom poslednjih 16 godina. Koji operateri su naj\u010de\u0161\u0107e dizali cene i koliko su ta poskupljenja bila u\u010destala? Razgovarali smo o tr\u017ei\u0161noj situaciji&#8230;<\/p>","protected":false},"author":4,"featured_media":113407,"comment_status":"","ping_status":"closed","sticky":false,"template":"","format":"standard","meta":{"footnotes":""},"categories":[611],"tags":[],"class_list":["post-156687","post","type-post","status-publish","format-standard","has-post-thumbnail","hentry","category-telesrbija"],"_links":{"self":[{"href":"https:\/\/podcast.rs\/en\/wp-json\/wp\/v2\/posts\/156687","targetHints":{"allow":["GET"]}}],"collection":[{"href":"https:\/\/podcast.rs\/en\/wp-json\/wp\/v2\/posts"}],"about":[{"href":"https:\/\/podcast.rs\/en\/wp-json\/wp\/v2\/types\/post"}],"author":[{"embeddable":true,"href":"https:\/\/podcast.rs\/en\/wp-json\/wp\/v2\/users\/4"}],"replies":[{"embeddable":true,"href":"https:\/\/podcast.rs\/en\/wp-json\/wp\/v2\/comments?post=156687"}],"version-history":[{"count":0,"href":"https:\/\/podcast.rs\/en\/wp-json\/wp\/v2\/posts\/156687\/revisions"}],"wp:featuredmedia":[{"embeddable":true,"href":"https:\/\/podcast.rs\/en\/wp-json\/wp\/v2\/media\/113407"}],"wp:attachment":[{"href":"https:\/\/podcast.rs\/en\/wp-json\/wp\/v2\/media?parent=156687"}],"wp:term":[{"taxonomy":"category","embeddable":true,"href":"https:\/\/podcast.rs\/en\/wp-json\/wp\/v2\/categories?post=156687"},{"taxonomy":"post_tag","embeddable":true,"href":"https:\/\/podcast.rs\/en\/wp-json\/wp\/v2\/tags?post=156687"}],"curies":[{"name":"wp","href":"https:\/\/api.w.org\/{rel}","templated":true}]}}