{"id":155070,"date":"2025-03-06T11:04:39","date_gmt":"2025-03-06T09:04:39","guid":{"rendered":"https:\/\/podcast.rs\/biljana-babic-kultura-i-jezicka-higijena-mladi-kao-pokretacka-snaga-arijadnin-lavirint-ep-42\/"},"modified":"2025-03-06T11:04:39","modified_gmt":"2025-03-06T09:04:39","slug":"biljana-babic-kultura-i-jezicka-higijena-mladi-kao-pokretacka-snaga-arijadnin-lavirint-ep-42","status":"publish","type":"post","link":"https:\/\/podcast.rs\/en\/biljana-babic-kultura-i-jezicka-higijena-mladi-kao-pokretacka-snaga-arijadnin-lavirint-ep-42\/","title":{"rendered":"Biljana Babi\u0107 | Kultura i jezi\u010dka higijena | Mladi kao pokreta\u010dka snaga | Arijadnin lavirint Ep.42"},"content":{"rendered":"<p><a href=\"https:\/\/youtu.be\/4bBana79FoA?si=meLxFhh1EXSwlhdQ\" rel=\"nofollow\">https:\/\/youtu.be\/4bBana79FoA?si=meLxFhh1EXSwlhdQ<\/a><\/p>","protected":false},"excerpt":{"rendered":"<p>https:\/\/youtu.be\/4bBana79FoA?si=meLxFhh1EXSwlhdQ<\/p>","protected":false},"author":3,"featured_media":89375,"comment_status":"","ping_status":"closed","sticky":false,"template":"","format":"standard","meta":{"footnotes":""},"categories":[553],"tags":[],"class_list":["post-155070","post","type-post","status-publish","format-standard","has-post-thumbnail","hentry","category-arijadnin-lavirint"],"_links":{"self":[{"href":"https:\/\/podcast.rs\/en\/wp-json\/wp\/v2\/posts\/155070","targetHints":{"allow":["GET"]}}],"collection":[{"href":"https:\/\/podcast.rs\/en\/wp-json\/wp\/v2\/posts"}],"about":[{"href":"https:\/\/podcast.rs\/en\/wp-json\/wp\/v2\/types\/post"}],"author":[{"embeddable":true,"href":"https:\/\/podcast.rs\/en\/wp-json\/wp\/v2\/users\/3"}],"replies":[{"embeddable":true,"href":"https:\/\/podcast.rs\/en\/wp-json\/wp\/v2\/comments?post=155070"}],"version-history":[{"count":0,"href":"https:\/\/podcast.rs\/en\/wp-json\/wp\/v2\/posts\/155070\/revisions"}],"wp:featuredmedia":[{"embeddable":true,"href":"https:\/\/podcast.rs\/en\/wp-json\/wp\/v2\/media\/89375"}],"wp:attachment":[{"href":"https:\/\/podcast.rs\/en\/wp-json\/wp\/v2\/media?parent=155070"}],"wp:term":[{"taxonomy":"category","embeddable":true,"href":"https:\/\/podcast.rs\/en\/wp-json\/wp\/v2\/categories?post=155070"},{"taxonomy":"post_tag","embeddable":true,"href":"https:\/\/podcast.rs\/en\/wp-json\/wp\/v2\/tags?post=155070"}],"curies":[{"name":"wp","href":"https:\/\/api.w.org\/{rel}","templated":true}]}}