{"id":154664,"date":"2025-01-19T16:36:00","date_gmt":"2025-01-19T14:36:00","guid":{"rendered":"https:\/\/podcast.rs\/magyar-kornyezet-szerb-nyelvtanulas\/"},"modified":"2025-01-19T16:36:00","modified_gmt":"2025-01-19T14:36:00","slug":"magyar-kornyezet-szerb-nyelvtanulas","status":"publish","type":"post","link":"https:\/\/podcast.rs\/en\/magyar-kornyezet-szerb-nyelvtanulas\/","title":{"rendered":"Magyar k\u00f6rnyezet, szerb nyelvtanul\u00e1s"},"content":{"rendered":"<p>Egy teljesen magyar k\u00f6rnyezetben milyen probl\u00e9m\u00e1kkal szembes\u00fcl az, aki szerb nyelvet oktat az iskol\u00e1ban? Min lehetne \u00e9s kellene, hogy a magyar gyerekek az iskol\u00e1ban magasabb szinten saj\u00e1t\u00edts\u00e1k el a szerb nyelvet \u2013 t\u00f6bbek k\u00f6z\u00f6tt err\u0151l is besz\u00e9lgett\u00fcnk Recsk\u00f3 Emm\u00e1val, a <a href=\"https:\/\/podcast.szabadmagyarszo.com\/podcast\/magyar-kornyezet-szerb-nyelvtanulas\/\"> Read more\u2026<\/a><\/p>","protected":false},"excerpt":{"rendered":"<p>Egy teljesen magyar k\u00f6rnyezetben milyen probl\u00e9m\u00e1kkal szembes\u00fcl az, aki szerb nyelvet oktat az iskol\u00e1ban? Min lehetne \u00e9s kellene, hogy a magyar gyerekek az iskol\u00e1ban magasabb szinten saj\u00e1t\u00edts\u00e1k el a szerb<\/p>","protected":false},"author":4,"featured_media":154667,"comment_status":"","ping_status":"closed","sticky":false,"template":"","format":"standard","meta":{"footnotes":""},"categories":[588],"tags":[],"class_list":["post-154664","post","type-post","status-publish","format-standard","has-post-thumbnail","hentry","category-szabad-magyar-szo"],"_links":{"self":[{"href":"https:\/\/podcast.rs\/en\/wp-json\/wp\/v2\/posts\/154664","targetHints":{"allow":["GET"]}}],"collection":[{"href":"https:\/\/podcast.rs\/en\/wp-json\/wp\/v2\/posts"}],"about":[{"href":"https:\/\/podcast.rs\/en\/wp-json\/wp\/v2\/types\/post"}],"author":[{"embeddable":true,"href":"https:\/\/podcast.rs\/en\/wp-json\/wp\/v2\/users\/4"}],"replies":[{"embeddable":true,"href":"https:\/\/podcast.rs\/en\/wp-json\/wp\/v2\/comments?post=154664"}],"version-history":[{"count":0,"href":"https:\/\/podcast.rs\/en\/wp-json\/wp\/v2\/posts\/154664\/revisions"}],"wp:featuredmedia":[{"embeddable":true,"href":"https:\/\/podcast.rs\/en\/wp-json\/wp\/v2\/media\/154667"}],"wp:attachment":[{"href":"https:\/\/podcast.rs\/en\/wp-json\/wp\/v2\/media?parent=154664"}],"wp:term":[{"taxonomy":"category","embeddable":true,"href":"https:\/\/podcast.rs\/en\/wp-json\/wp\/v2\/categories?post=154664"},{"taxonomy":"post_tag","embeddable":true,"href":"https:\/\/podcast.rs\/en\/wp-json\/wp\/v2\/tags?post=154664"}],"curies":[{"name":"wp","href":"https:\/\/api.w.org\/{rel}","templated":true}]}}