{"id":153747,"date":"2025-02-24T21:30:00","date_gmt":"2025-02-24T19:30:00","guid":{"rendered":"https:\/\/podcast.rs\/budne-dok-svetla-gase-se-epizoda-sa-tam-tetke-s05-e05\/"},"modified":"2025-02-24T21:30:00","modified_gmt":"2025-02-24T19:30:00","slug":"budne-dok-svetla-gase-se-epizoda-sa-tam-tetke-s05-e05","status":"publish","type":"post","link":"https:\/\/podcast.rs\/en\/budne-dok-svetla-gase-se-epizoda-sa-tam-tetke-s05-e05\/","title":{"rendered":"Budne dok svetla gase se (epizoda sa tam) \/ TETKE \/ S05 E05"},"content":{"rendered":"<p>Tetke kad imaju favoritkinju za PZE, one nju dovedu u podkast. Sve popularnija na\u0161a kantautorka, <a href=\"https:\/\/www.instagram.com\/its___tam\" target=\"_blank\" rel=\"noopener noreferer\">tam<\/a>, za Tetke potpuno otvoreno o pesmi \u201eDurum durum\u201d, nastupu i konkurenciji na PZE-u, svom napu\u0161tanju biv\u0161e izdava\u010dke ku\u0107e i prelasku u svet nezavisnog autorstva, prvim koracima drag-kulture na na\u0161em izboru za Pesmu Evrovizije i svojim zajedni\u010dkim nastupima sa kolektivom Bad reputation.<\/p>\n<p>Od ove sezone Tetke mo\u017eete podr\u017eati i na platformi <a href=\"https:\/\/www.instagram.com\/its___tam\" target=\"_blank\" rel=\"noopener noreferer\">patreon<\/a>, gde vas odsad o\u010dekuje i ekskluzivni materijal. Pikantniji nastavak ove epizode, \u201eSvetla uga\u0161ena, i dalje budne (after sa tam)\u201d, ve\u0107 je oka\u010den na na\u0161 patreon.<\/p>\n<\/p>\n<p>\ud83c\udf99\ufe0f voditeljke: @<a href=\"https:\/\/www.instagram.com\/alexisplastic\" target=\"_blank\" rel=\"noopener noreferer\">alexisplastic<\/a>, @<a href=\"https:\/\/www.instagram.com\/vojinovic.jpg\" target=\"_blank\" rel=\"noopener noreferer\">vojinovic.jpg<\/a> i @<a href=\"https:\/\/www.instagram.com\/sunnoka\" target=\"_blank\" rel=\"noopener noreferer\">sunnoka<\/a><\/p>\n<p>\ud83d\uddbc\ufe0f vizuelni identitet i \u0161pica: @<a href=\"https:\/\/www.instagram.com\/vladimir.bmp\" target=\"_blank\" rel=\"noopener noreferer\">vladimir.bmp<\/a><\/p>\n<p>\u2702\ufe0f monta\u017ea: Tetka Goran<\/p>\n<\/p>\n<p>Pratite nas na instagramu: @<a href=\"https:\/\/www.instagram.com\/tetkepodkast\/\" target=\"_blank\" rel=\"noopener noreferer\">tetkepodkast<\/a><\/p>\n<p>Pratite nas na tviteru: @<a href=\"https:\/\/x.com\/tetkepodkast\" target=\"_blank\" rel=\"noopener noreferer\">tetkepodkast<\/a><\/p>","protected":false},"excerpt":{"rendered":"<p>Tetke kad imaju favoritkinju za PZE, one nju dovedu u podkast. Sve popularnija na\u0161a kantautorka, tam, za Tetke potpuno otvoreno o pesmi \u201eDurum durum\u201d, nastupu i konkurenciji na PZE-u, svom napu\u0161tanju biv\u0161e izdava\u010dke ku\u0107e i prelasku u svet nezavisnog autorstva, prvim koracima drag-kulture na na\u0161em izboru za Pesmu Evrovizije i svojim zajedni\u010dkim nastupima sa kolektivom&#8230;<\/p>","protected":false},"author":6,"featured_media":145892,"comment_status":"","ping_status":"closed","sticky":false,"template":"","format":"standard","meta":{"footnotes":""},"categories":[645],"tags":[],"class_list":["post-153747","post","type-post","status-publish","format-standard","has-post-thumbnail","hentry","category-tetke"],"_links":{"self":[{"href":"https:\/\/podcast.rs\/en\/wp-json\/wp\/v2\/posts\/153747","targetHints":{"allow":["GET"]}}],"collection":[{"href":"https:\/\/podcast.rs\/en\/wp-json\/wp\/v2\/posts"}],"about":[{"href":"https:\/\/podcast.rs\/en\/wp-json\/wp\/v2\/types\/post"}],"author":[{"embeddable":true,"href":"https:\/\/podcast.rs\/en\/wp-json\/wp\/v2\/users\/6"}],"replies":[{"embeddable":true,"href":"https:\/\/podcast.rs\/en\/wp-json\/wp\/v2\/comments?post=153747"}],"version-history":[{"count":0,"href":"https:\/\/podcast.rs\/en\/wp-json\/wp\/v2\/posts\/153747\/revisions"}],"wp:featuredmedia":[{"embeddable":true,"href":"https:\/\/podcast.rs\/en\/wp-json\/wp\/v2\/media\/145892"}],"wp:attachment":[{"href":"https:\/\/podcast.rs\/en\/wp-json\/wp\/v2\/media?parent=153747"}],"wp:term":[{"taxonomy":"category","embeddable":true,"href":"https:\/\/podcast.rs\/en\/wp-json\/wp\/v2\/categories?post=153747"},{"taxonomy":"post_tag","embeddable":true,"href":"https:\/\/podcast.rs\/en\/wp-json\/wp\/v2\/tags?post=153747"}],"curies":[{"name":"wp","href":"https:\/\/api.w.org\/{rel}","templated":true}]}}