{"id":153578,"date":"2025-02-22T10:34:53","date_gmt":"2025-02-22T08:34:53","guid":{"rendered":"https:\/\/podcast.rs\/e02-moj-grad-je-ustao\/"},"modified":"2025-02-22T10:34:53","modified_gmt":"2025-02-22T08:34:53","slug":"e02-moj-grad-je-ustao","status":"publish","type":"post","link":"https:\/\/podcast.rs\/en\/e02-moj-grad-je-ustao\/","title":{"rendered":"E02: Moj grad je ustao"},"content":{"rendered":"<p>Opis: Rodno mesto Slobodana Milo\u0161evi\u0107a, grad koji je te\u0161ko probuditi, grad u kome su promene te\u0161ko zamislive. Samo tako bi se ovaj grad, centar Brani\u010devskog okruga, mogao opisati, ali &#8211; sve do petog januara 2024. godine. Tada su maturanti i maturantkinje odlu\u010dili da probude Po\u017earevac i organizuju protest, pridru\u017eiv\u0161i se zahtevima koje su studenti i studentkinje \u0161irom Srbije uputili nakon pada nadstre\u0161nice u Novom Sadu. U ovoj epizodi ima\u0107e\u0161 priliku da svedo\u010di\u0161 bu\u0111enju grada u kome je partijska knji\u017eica \u010desto paso\u0161 do radnog mesta, a bunt misaona imenica. Iz razgovora koje je Po\u017earevljanka Milica Mihajlovi\u0107 obavila sa maturantkinjama, ali i Ljubi\u0161om Stoki\u0107em, \u010dovekom koji je \u0161iroj javnosti Srbije poznat kao ,,\u010dovek sa haube\u201d, sazna\u0107e\u0161 koliko su specifi\u010dni izazovi pobune u malom gradu.<\/p>","protected":false},"excerpt":{"rendered":"<p>Opis: Rodno mesto Slobodana Milo\u0161evi\u0107a, grad koji je te\u0161ko probuditi, grad u kome su promene te\u0161ko zamislive. Samo tako bi se ovaj grad, centar Brani\u010devskog okruga, mogao opisati, ali &#8211; sve do petog januara 2024. godine. Tada su maturanti i maturantkinje odlu\u010dili da probude Po\u017earevac i organizuju protest, pridru\u017eiv\u0161i se zahtevima koje su studenti i&#8230;<\/p>","protected":false},"author":4,"featured_media":148154,"comment_status":"","ping_status":"closed","sticky":false,"template":"","format":"standard","meta":{"footnotes":""},"categories":[649],"tags":[],"class_list":["post-153578","post","type-post","status-publish","format-standard","has-post-thumbnail","hentry","category-dnevnik-jedne-mladosti"],"_links":{"self":[{"href":"https:\/\/podcast.rs\/en\/wp-json\/wp\/v2\/posts\/153578","targetHints":{"allow":["GET"]}}],"collection":[{"href":"https:\/\/podcast.rs\/en\/wp-json\/wp\/v2\/posts"}],"about":[{"href":"https:\/\/podcast.rs\/en\/wp-json\/wp\/v2\/types\/post"}],"author":[{"embeddable":true,"href":"https:\/\/podcast.rs\/en\/wp-json\/wp\/v2\/users\/4"}],"replies":[{"embeddable":true,"href":"https:\/\/podcast.rs\/en\/wp-json\/wp\/v2\/comments?post=153578"}],"version-history":[{"count":0,"href":"https:\/\/podcast.rs\/en\/wp-json\/wp\/v2\/posts\/153578\/revisions"}],"wp:featuredmedia":[{"embeddable":true,"href":"https:\/\/podcast.rs\/en\/wp-json\/wp\/v2\/media\/148154"}],"wp:attachment":[{"href":"https:\/\/podcast.rs\/en\/wp-json\/wp\/v2\/media?parent=153578"}],"wp:term":[{"taxonomy":"category","embeddable":true,"href":"https:\/\/podcast.rs\/en\/wp-json\/wp\/v2\/categories?post=153578"},{"taxonomy":"post_tag","embeddable":true,"href":"https:\/\/podcast.rs\/en\/wp-json\/wp\/v2\/tags?post=153578"}],"curies":[{"name":"wp","href":"https:\/\/api.w.org\/{rel}","templated":true}]}}