{"id":153378,"date":"2025-02-19T14:21:26","date_gmt":"2025-02-19T12:21:26","guid":{"rendered":"https:\/\/podcast.rs\/sta-treba-znati-o-predstojecim-izborima-u-nemackoj\/"},"modified":"2025-02-19T14:21:26","modified_gmt":"2025-02-19T12:21:26","slug":"sta-treba-znati-o-predstojecim-izborima-u-nemackoj","status":"publish","type":"post","link":"https:\/\/podcast.rs\/en\/sta-treba-znati-o-predstojecim-izborima-u-nemackoj\/","title":{"rendered":"\u0160ta treba znati o predstoje\u0107im izborima u Nema\u010dkoj"},"content":{"rendered":"<p>U novoj epizodi Rajsfer\u00fclusa govorimo o okolnostima raspisivanja izbora za Bundestag pre predvidjenog roka, glavnim temama kampanje i njenom toku &#8211; te o mogu\u0107im ishodima izbora i posledicama po razvoj politi\u010dke situacije u Nema\u010dkoj.\u00a0\u00a0\u00a0<\/p>","protected":false},"excerpt":{"rendered":"<p>U novoj epizodi Rajsfer\u00fclusa govorimo o okolnostima raspisivanja izbora za Bundestag pre predvidjenog roka, glavnim temama kampanje i njenom toku &#8211; te o mogu\u0107im ishodima izbora i posledicama po razvoj politi\u010dke situacije u Nema\u010dkoj.\u00a0\u00a0\u00a0<\/p>","protected":false},"author":3,"featured_media":85737,"comment_status":"","ping_status":"closed","sticky":false,"template":"","format":"standard","meta":{"footnotes":""},"categories":[539],"tags":[],"class_list":["post-153378","post","type-post","status-publish","format-standard","has-post-thumbnail","hentry","category-rajsferslus"],"_links":{"self":[{"href":"https:\/\/podcast.rs\/en\/wp-json\/wp\/v2\/posts\/153378","targetHints":{"allow":["GET"]}}],"collection":[{"href":"https:\/\/podcast.rs\/en\/wp-json\/wp\/v2\/posts"}],"about":[{"href":"https:\/\/podcast.rs\/en\/wp-json\/wp\/v2\/types\/post"}],"author":[{"embeddable":true,"href":"https:\/\/podcast.rs\/en\/wp-json\/wp\/v2\/users\/3"}],"replies":[{"embeddable":true,"href":"https:\/\/podcast.rs\/en\/wp-json\/wp\/v2\/comments?post=153378"}],"version-history":[{"count":0,"href":"https:\/\/podcast.rs\/en\/wp-json\/wp\/v2\/posts\/153378\/revisions"}],"wp:featuredmedia":[{"embeddable":true,"href":"https:\/\/podcast.rs\/en\/wp-json\/wp\/v2\/media\/85737"}],"wp:attachment":[{"href":"https:\/\/podcast.rs\/en\/wp-json\/wp\/v2\/media?parent=153378"}],"wp:term":[{"taxonomy":"category","embeddable":true,"href":"https:\/\/podcast.rs\/en\/wp-json\/wp\/v2\/categories?post=153378"},{"taxonomy":"post_tag","embeddable":true,"href":"https:\/\/podcast.rs\/en\/wp-json\/wp\/v2\/tags?post=153378"}],"curies":[{"name":"wp","href":"https:\/\/api.w.org\/{rel}","templated":true}]}}