{"id":153297,"date":"2025-02-18T11:40:44","date_gmt":"2025-02-18T09:40:44","guid":{"rendered":"https:\/\/podcast.rs\/prokleta-je-amerika-tetke-s05-e04\/"},"modified":"2025-02-18T11:40:44","modified_gmt":"2025-02-18T09:40:44","slug":"prokleta-je-amerika-tetke-s05-e04","status":"publish","type":"post","link":"https:\/\/podcast.rs\/en\/prokleta-je-amerika-tetke-s05-e04\/","title":{"rendered":"Prokleta je Amerika \/ TETKE \/ S05 E04"},"content":{"rendered":"<p>Donald Tramp se jo\u0161 nije ni raskomotio u Beloj ku\u0107i, a ve\u0107 se zamerio Tetkama i zato neki video-podkasti nikad ne polete, a ceo \u017eivot \u010dekaju na to. U ovoj kupus salati od epizode, osim o vra\u0107anju na audio-format, Tetke jedva \u010dekaju PZE, Lejdi Gagin novi album i pobedu studenata.<\/p>\n<\/p>\n<p>Donirajte za na\u0161u bravo li\u010dnost, Leu Velinov, slanjem SMS poruke sadr\u017eaja 1741 na broj 3030 ili na veb-stranici <a href=\"https:\/\/www.budihuman.rs\/korisnik\/1741\/lea-velinov\" target=\"_blank\" rel=\"noopener noreferer\">Budi human<\/a>.<\/p>\n<\/p>\n<p>Od ove sezone Tetke mo\u017eete podr\u017eati i na platformi <a href=\"https:\/\/www.patreon.com\/tetkepodkast\" target=\"_blank\" rel=\"noopener noreferer\">patreon<\/a>.<\/p>\n<\/p>\n<p>\ud83c\udf99\ufe0f voditeljke: @<a href=\"https:\/\/www.instagram.com\/alexisplastic\" target=\"_blank\" rel=\"noopener noreferer\">alexisplastic<\/a>, @<a href=\"https:\/\/www.instagram.com\/vojinovic.jpg\" target=\"_blank\" rel=\"noopener noreferer\">vojinovic.jpg<\/a> i @<a href=\"https:\/\/www.instagram.com\/sunnoka\" target=\"_blank\" rel=\"noopener noreferer\">sunnoka<\/a><\/p>\n<p>\ud83d\uddbc\ufe0f vizuelni identitet i \u0161pica: @<a href=\"https:\/\/www.instagram.com\/vladimir.bmp\" target=\"_blank\" rel=\"noopener noreferer\">vladimir.bmp<\/a><\/p>\n<p>\u2702\ufe0f monta\u017ea: Tetka Goran<\/p>\n<\/p>\n<p>Pratite nas na instagramu: @<a href=\"https:\/\/www.instagram.com\/tetkepodkast\/\" target=\"_blank\" rel=\"noopener noreferer\">tetkepodkast<\/a><\/p>\n<p>Pratite nas na tviteru: @<a href=\"https:\/\/x.com\/tetkepodkast\" target=\"_blank\" rel=\"noopener noreferer\">tetkepodkast<\/a><\/p>","protected":false},"excerpt":{"rendered":"<p>Donald Tramp se jo\u0161 nije ni raskomotio u Beloj ku\u0107i, a ve\u0107 se zamerio Tetkama i zato neki video-podkasti nikad ne polete, a ceo \u017eivot \u010dekaju na to. U ovoj kupus salati od epizode, osim o vra\u0107anju na audio-format, Tetke jedva \u010dekaju PZE, Lejdi Gagin novi album i pobedu studenata. Donirajte za na\u0161u bravo li\u010dnost,&#8230;<\/p>","protected":false},"author":6,"featured_media":145892,"comment_status":"","ping_status":"closed","sticky":false,"template":"","format":"standard","meta":{"footnotes":""},"categories":[645],"tags":[],"class_list":["post-153297","post","type-post","status-publish","format-standard","has-post-thumbnail","hentry","category-tetke"],"_links":{"self":[{"href":"https:\/\/podcast.rs\/en\/wp-json\/wp\/v2\/posts\/153297","targetHints":{"allow":["GET"]}}],"collection":[{"href":"https:\/\/podcast.rs\/en\/wp-json\/wp\/v2\/posts"}],"about":[{"href":"https:\/\/podcast.rs\/en\/wp-json\/wp\/v2\/types\/post"}],"author":[{"embeddable":true,"href":"https:\/\/podcast.rs\/en\/wp-json\/wp\/v2\/users\/6"}],"replies":[{"embeddable":true,"href":"https:\/\/podcast.rs\/en\/wp-json\/wp\/v2\/comments?post=153297"}],"version-history":[{"count":0,"href":"https:\/\/podcast.rs\/en\/wp-json\/wp\/v2\/posts\/153297\/revisions"}],"wp:featuredmedia":[{"embeddable":true,"href":"https:\/\/podcast.rs\/en\/wp-json\/wp\/v2\/media\/145892"}],"wp:attachment":[{"href":"https:\/\/podcast.rs\/en\/wp-json\/wp\/v2\/media?parent=153297"}],"wp:term":[{"taxonomy":"category","embeddable":true,"href":"https:\/\/podcast.rs\/en\/wp-json\/wp\/v2\/categories?post=153297"},{"taxonomy":"post_tag","embeddable":true,"href":"https:\/\/podcast.rs\/en\/wp-json\/wp\/v2\/tags?post=153297"}],"curies":[{"name":"wp","href":"https:\/\/api.w.org\/{rel}","templated":true}]}}