{"id":153229,"date":"2025-02-17T15:39:24","date_gmt":"2025-02-17T13:39:24","guid":{"rendered":"https:\/\/podcast.rs\/e03-lokalni-mediji-kao-pokretaci-promena\/"},"modified":"2025-02-17T15:39:24","modified_gmt":"2025-02-17T13:39:24","slug":"e03-lokalni-mediji-kao-pokretaci-promena","status":"publish","type":"post","link":"https:\/\/podcast.rs\/en\/e03-lokalni-mediji-kao-pokretaci-promena\/","title":{"rendered":"E03: Lokalni mediji kao pokreta\u010di promena"},"content":{"rendered":"<p>Saniranje rupa na putu, organizovanje humanitarnih akcija, pa \u010dak i obezbe\u0111ivanje krova nad glavom nekim sugra\u0111anima &#8211; do svega toga mo\u017ee da dovede izve\u0161tavanje lokalnih medija u interesu javnosti. O tome kako je biti deo lokalnog medija koji pokre\u0107e promene, za Glas lokala govore Tanja Trifkovi\u0107, glavna urednica Glasa Podrinja iz \u0160apca, Marija Obrenovi\u0107, predsednica Upravnog odbora Lokal presa i Neboj\u0161a Trifunovi\u0107, zamenik glavnog i odgovornog urednika za internet izdanje i dru\u0161vene mre\u017ee Lozni\u010dkih novosti.\u00a0<\/p>","protected":false},"excerpt":{"rendered":"<p>Saniranje rupa na putu, organizovanje humanitarnih akcija, pa \u010dak i obezbe\u0111ivanje krova nad glavom nekim sugra\u0111anima &#8211; do svega toga mo\u017ee da dovede izve\u0161tavanje lokalnih medija u interesu javnosti. O tome kako je biti deo lokalnog medija koji pokre\u0107e promene, za Glas lokala govore Tanja Trifkovi\u0107, glavna urednica Glasa Podrinja iz \u0160apca, Marija Obrenovi\u0107, predsednica&#8230;<\/p>","protected":false},"author":3,"featured_media":145108,"comment_status":"","ping_status":"closed","sticky":false,"template":"","format":"standard","meta":{"footnotes":""},"categories":[643],"tags":[],"class_list":["post-153229","post","type-post","status-publish","format-standard","has-post-thumbnail","hentry","category-glas-lokala"],"_links":{"self":[{"href":"https:\/\/podcast.rs\/en\/wp-json\/wp\/v2\/posts\/153229","targetHints":{"allow":["GET"]}}],"collection":[{"href":"https:\/\/podcast.rs\/en\/wp-json\/wp\/v2\/posts"}],"about":[{"href":"https:\/\/podcast.rs\/en\/wp-json\/wp\/v2\/types\/post"}],"author":[{"embeddable":true,"href":"https:\/\/podcast.rs\/en\/wp-json\/wp\/v2\/users\/3"}],"replies":[{"embeddable":true,"href":"https:\/\/podcast.rs\/en\/wp-json\/wp\/v2\/comments?post=153229"}],"version-history":[{"count":0,"href":"https:\/\/podcast.rs\/en\/wp-json\/wp\/v2\/posts\/153229\/revisions"}],"wp:featuredmedia":[{"embeddable":true,"href":"https:\/\/podcast.rs\/en\/wp-json\/wp\/v2\/media\/145108"}],"wp:attachment":[{"href":"https:\/\/podcast.rs\/en\/wp-json\/wp\/v2\/media?parent=153229"}],"wp:term":[{"taxonomy":"category","embeddable":true,"href":"https:\/\/podcast.rs\/en\/wp-json\/wp\/v2\/categories?post=153229"},{"taxonomy":"post_tag","embeddable":true,"href":"https:\/\/podcast.rs\/en\/wp-json\/wp\/v2\/tags?post=153229"}],"curies":[{"name":"wp","href":"https:\/\/api.w.org\/{rel}","templated":true}]}}