{"id":149508,"date":"2025-02-12T10:33:47","date_gmt":"2025-02-12T08:33:47","guid":{"rendered":"https:\/\/podcast.rs\/e04-naim-leo-besiri\/"},"modified":"2025-02-12T10:33:47","modified_gmt":"2025-02-12T08:33:47","slug":"e04-naim-leo-besiri","status":"publish","type":"post","link":"https:\/\/podcast.rs\/en\/e04-naim-leo-besiri\/","title":{"rendered":"E04: Naim Leo Be\u0161iri"},"content":{"rendered":"<p>U \u010detvrtoj epizodi serijala \u201cSvedoci\u201d, Jelena Gaji\u0107 razgovara na Naimom Leom Be\u0161irijem, izvr\u0161nim direktorom Instituta za evropske poslove. Razgovaraju o evrointegracijama Srbije i preprekama na putu ka \u010dlanstvu, kao i o aktivnostima koje Institut sprovodi u cilju ubrzanja ovog procesa.<\/p>","protected":false},"excerpt":{"rendered":"<p>U \u010detvrtoj epizodi serijala \u201cSvedoci\u201d, Jelena Gaji\u0107 razgovara na Naimom Leom Be\u0161irijem, izvr\u0161nim direktorom Instituta za evropske poslove. Razgovaraju o evrointegracijama Srbije i preprekama na putu ka \u010dlanstvu, kao i o aktivnostima koje Institut sprovodi u cilju ubrzanja ovog procesa.<\/p>","protected":false},"author":3,"featured_media":124546,"comment_status":"","ping_status":"closed","sticky":false,"template":"","format":"standard","meta":{"footnotes":""},"categories":[627],"tags":[],"class_list":["post-149508","post","type-post","status-publish","format-standard","has-post-thumbnail","hentry","category-svedoci"],"_links":{"self":[{"href":"https:\/\/podcast.rs\/en\/wp-json\/wp\/v2\/posts\/149508","targetHints":{"allow":["GET"]}}],"collection":[{"href":"https:\/\/podcast.rs\/en\/wp-json\/wp\/v2\/posts"}],"about":[{"href":"https:\/\/podcast.rs\/en\/wp-json\/wp\/v2\/types\/post"}],"author":[{"embeddable":true,"href":"https:\/\/podcast.rs\/en\/wp-json\/wp\/v2\/users\/3"}],"replies":[{"embeddable":true,"href":"https:\/\/podcast.rs\/en\/wp-json\/wp\/v2\/comments?post=149508"}],"version-history":[{"count":0,"href":"https:\/\/podcast.rs\/en\/wp-json\/wp\/v2\/posts\/149508\/revisions"}],"wp:featuredmedia":[{"embeddable":true,"href":"https:\/\/podcast.rs\/en\/wp-json\/wp\/v2\/media\/124546"}],"wp:attachment":[{"href":"https:\/\/podcast.rs\/en\/wp-json\/wp\/v2\/media?parent=149508"}],"wp:term":[{"taxonomy":"category","embeddable":true,"href":"https:\/\/podcast.rs\/en\/wp-json\/wp\/v2\/categories?post=149508"},{"taxonomy":"post_tag","embeddable":true,"href":"https:\/\/podcast.rs\/en\/wp-json\/wp\/v2\/tags?post=149508"}],"curies":[{"name":"wp","href":"https:\/\/api.w.org\/{rel}","templated":true}]}}