{"id":149099,"date":"2025-02-06T00:00:00","date_gmt":"2025-02-05T22:00:00","guid":{"rendered":"https:\/\/podcast.rs\/od-pada-nadstresnice-do-pada-vlade-studentski-pokret-u-fokusu\/"},"modified":"2025-02-06T00:00:00","modified_gmt":"2025-02-05T22:00:00","slug":"od-pada-nadstresnice-do-pada-vlade-studentski-pokret-u-fokusu","status":"publish","type":"post","link":"https:\/\/podcast.rs\/en\/od-pada-nadstresnice-do-pada-vlade-studentski-pokret-u-fokusu\/","title":{"rendered":"Od pada nadstre\u0161nice do pada Vlade: Studentski pokret u fokusu"},"content":{"rendered":"<p>Od 1. novembra 2024. godine, Srbija se suo\u010dava sa ozbiljnim previranjima: pad nadstre\u0161nice u kojoj je stradalo 15 ljudi i koja je razotkrila sistemsku neodgovornost, pokrenula je lavinu gra\u0111anskog nezadovoljstva. \u0160irom zemlje, studenti su se istakli kao pokreta\u010di i predvodnici, organizuju\u0107i proteste, blokade fakulteta i masovne proteste, i u gra\u0111aninima probudili davno uspavanu nadu.<\/p>\n<p>U ovoj podkast epizodi, tre\u0107oj epizodi u na\u0161em &#8222;REACHing Citizens&#8220; podkastu, sa u\u010desnikom na\u0161ih lokalnih gra\u0111anskih konsultacija u Beogradu, Milo\u0161em Timotijevi\u0107em, analiziramo kako je ta &#8222;vatra&#8220; otpora pokrenuta, \u0161ta je sve ona osvetlila i kako su studenti uspeli da nas svojim pametnim potezima i energijom iznenade i podsete na ono \u0161to kao da smo svi zaboravili &#8211; da postoje nadle\u017ene institucije i da su te institucije du\u017ene da rade svoj posao. Taj njihov zahtev je na kraju, nakon niza doga\u0111aja koji je pokrenuo, doveo i do pada Vlade. <\/p>\n<p>U trenucima velikih promena, svakodnevnih protesta koji neretko okupe vi\u0161e od 100 000 gra\u0111ana i dru\u0161tvene transformacije u Srbiji, sa na\u0161im gostom pri\u010dali smo i o budu\u0107nosti koja nas o\u010dekuje, temi za\u0161tite \u017eivotne sredine i problemom zaga\u0111enja vazduha i iskopavanju litijuma, kao i o evropskom putu Srbije i odnosu evropskih institucija prema institucijama u Srbiji, kao i prema gra\u0111anima.<\/p>","protected":false},"excerpt":{"rendered":"<p>Od 1. novembra 2024. godine, Srbija se suo\u010dava sa\u2026<\/p>","protected":false},"author":3,"featured_media":149104,"comment_status":"","ping_status":"closed","sticky":false,"template":"","format":"standard","meta":{"footnotes":""},"categories":[33],"tags":[],"class_list":["post-149099","post","type-post","status-publish","format-standard","has-post-thumbnail","hentry","category-european-talks"],"_links":{"self":[{"href":"https:\/\/podcast.rs\/en\/wp-json\/wp\/v2\/posts\/149099","targetHints":{"allow":["GET"]}}],"collection":[{"href":"https:\/\/podcast.rs\/en\/wp-json\/wp\/v2\/posts"}],"about":[{"href":"https:\/\/podcast.rs\/en\/wp-json\/wp\/v2\/types\/post"}],"author":[{"embeddable":true,"href":"https:\/\/podcast.rs\/en\/wp-json\/wp\/v2\/users\/3"}],"replies":[{"embeddable":true,"href":"https:\/\/podcast.rs\/en\/wp-json\/wp\/v2\/comments?post=149099"}],"version-history":[{"count":0,"href":"https:\/\/podcast.rs\/en\/wp-json\/wp\/v2\/posts\/149099\/revisions"}],"wp:featuredmedia":[{"embeddable":true,"href":"https:\/\/podcast.rs\/en\/wp-json\/wp\/v2\/media\/149104"}],"wp:attachment":[{"href":"https:\/\/podcast.rs\/en\/wp-json\/wp\/v2\/media?parent=149099"}],"wp:term":[{"taxonomy":"category","embeddable":true,"href":"https:\/\/podcast.rs\/en\/wp-json\/wp\/v2\/categories?post=149099"},{"taxonomy":"post_tag","embeddable":true,"href":"https:\/\/podcast.rs\/en\/wp-json\/wp\/v2\/tags?post=149099"}],"curies":[{"name":"wp","href":"https:\/\/api.w.org\/{rel}","templated":true}]}}