{"id":148947,"date":"2025-02-04T10:19:57","date_gmt":"2025-02-04T09:19:57","guid":{"rendered":"https:\/\/podcast.rs\/?p=148947"},"modified":"2025-02-04T12:46:45","modified_gmt":"2025-02-04T10:46:45","slug":"niko-spolja-ne-moze-da-donese-promene-u-srbiji","status":"publish","type":"post","link":"https:\/\/podcast.rs\/en\/niko-spolja-ne-moze-da-donese-promene-u-srbiji\/","title":{"rendered":"&#8216;Niko spolja ne mo\u017ee da donese promene u Srbiji&#8217;"},"content":{"rendered":"<p>Jedini put napred za Srbiju sada je pokretanje politi\u010dkog procesa koji bi bio mnogo \u0161iri od samo vlasti i opozicije, ka\u017ee za Radio Slobodna Evropa Vesela \u010cerneva, zamenica direktora Evropskog saveta za spoljne odnose i \u0161efica ureda u Sofiji.<br \/>\nOna smatra da je to mo\u017eda jedina opcija, jer ne vidi kako \u0107e prethodna re\u0161enja, kao \u0161to su prevremeni izbori ili samo rekonstrukcija vlade, biti dovoljna.<\/p>\n<p>Ona dodaje da je zbunjena tvrdnjama ruskih zvani\u010dnika o zapadnoj zaveri u cilju podsticanja &#8222;obojene revolucije&#8220; u Srbiji.<br \/>\n&#8222;Da li Rusija veruje da je Tramp taj koji je podstakao proteste protiv Vu\u010di\u0107a? Ili veruje da iza njih stoji EU, koja je do sada manje-vi\u0161e \u0107utala&#8220;, isti\u010de \u010cerneva. Ona ne veruje da bilo ko spolja mo\u017ee da pokrene promene u Srbiji.<\/p>","protected":false},"excerpt":{"rendered":"<p>Jedini put napred za Srbiju sada je pokretanje politi\u010dkog procesa koji bi bio mnogo \u0161iri od samo vlasti i opozicije, ka\u017ee za Radio Slobodna Evropa Vesela \u010cerneva, zamenica direktora Evropskog saveta za spoljne odnose i \u0161efica ureda u Sofiji. Ona smatra da je to mo\u017eda jedina opcija, jer ne vidi kako \u0107e prethodna re\u0161enja, kao&#8230;<\/p>","protected":false},"author":3,"featured_media":69730,"comment_status":"close","ping_status":"closed","sticky":false,"template":"","format":"audio","meta":{"footnotes":""},"categories":[207],"tags":[],"class_list":["post-148947","post","type-post","status-publish","format-audio","has-post-thumbnail","hentry","category-izmedju-redova","post_format-post-format-audio"],"_links":{"self":[{"href":"https:\/\/podcast.rs\/en\/wp-json\/wp\/v2\/posts\/148947","targetHints":{"allow":["GET"]}}],"collection":[{"href":"https:\/\/podcast.rs\/en\/wp-json\/wp\/v2\/posts"}],"about":[{"href":"https:\/\/podcast.rs\/en\/wp-json\/wp\/v2\/types\/post"}],"author":[{"embeddable":true,"href":"https:\/\/podcast.rs\/en\/wp-json\/wp\/v2\/users\/3"}],"replies":[{"embeddable":true,"href":"https:\/\/podcast.rs\/en\/wp-json\/wp\/v2\/comments?post=148947"}],"version-history":[{"count":1,"href":"https:\/\/podcast.rs\/en\/wp-json\/wp\/v2\/posts\/148947\/revisions"}],"predecessor-version":[{"id":148948,"href":"https:\/\/podcast.rs\/en\/wp-json\/wp\/v2\/posts\/148947\/revisions\/148948"}],"wp:featuredmedia":[{"embeddable":true,"href":"https:\/\/podcast.rs\/en\/wp-json\/wp\/v2\/media\/69730"}],"wp:attachment":[{"href":"https:\/\/podcast.rs\/en\/wp-json\/wp\/v2\/media?parent=148947"}],"wp:term":[{"taxonomy":"category","embeddable":true,"href":"https:\/\/podcast.rs\/en\/wp-json\/wp\/v2\/categories?post=148947"},{"taxonomy":"post_tag","embeddable":true,"href":"https:\/\/podcast.rs\/en\/wp-json\/wp\/v2\/tags?post=148947"}],"curies":[{"name":"wp","href":"https:\/\/api.w.org\/{rel}","templated":true}]}}