{"id":148161,"date":"2025-01-23T01:00:00","date_gmt":"2025-01-23T00:00:00","guid":{"rendered":"https:\/\/podcast.rs\/?p=148161"},"modified":"2025-01-23T23:49:35","modified_gmt":"2025-01-23T21:49:35","slug":"kome-je-pala-na-pamet-ova-akcija-sa-djokicama-njuz-podkast-175","status":"publish","type":"post","link":"https:\/\/podcast.rs\/en\/kome-je-pala-na-pamet-ova-akcija-sa-djokicama-njuz-podkast-175\/","title":{"rendered":"Kome je pala na pamet ova akcija sa \u0111okicama? : Njuz Podkast 175"},"content":{"rendered":"<p>Veliki broj nesre\u0107nih \u0111okica osvanuo je preko no\u0107i na beogradskim ulicama &#8211; stradali su mostovi i nadvo\u017enjaci, zidovi i plo\u010dnici, te \u0161kolska dvori\u0161ta. Da, \u0161kolska dvori\u0161ta.<br \/>\nPri\u010damo o tome \u010dija je ovo bila ideja i kakva je reakcija javnosti. Osvrnuli smo se i na posetu Davosu predsednika Vu\u010di\u0107a, hrabre ljude po manjim mestima koji su ustali protiv nepravde i \u0161ta sve mi mo\u017eemo da uradimo protiv ru\u017enih grafita.<br \/>\nNismo zaboravili ni posetu Jovane Jeremi\u0107 Americi, kao ni mesteriju nestanka Vulinove slike. <\/p>\n<p>Dok svi tra\u017eimo \u0106acija da ga vratimo u \u0161kolu, prenosimo vam i uputstvo kako da postupate stura povodom Generalnog \u0161trajka \ud83d\udc49 https:\/\/www.oblakodermagazin.rs\/zasto-generalni-strajk\/<\/p>\n<p>&#8212;<br \/>\n\ud83d\udcab POPkast kutak \ud83d\udc47<\/p>\n<p>\ud83c\udfa7 Njuz POPkast Spotify plejlista \ud83d\udc49 https:\/\/open.spotify.com\/playlist\/4qyntBP8hyEimsFDCYzK9Z?si=nFfFIiAlQ12lmUy_5FcgTg<\/p>\n<p>\ud83c\udfa5 Spisak svih filmova spomenutih u Njuz POPkastu (hvala Jovane) \ud83d\udc49 https:\/\/letterboxd.com\/ignacadabra\/list\/njuz-popkast-filmovi\/by\/name\/<\/p>\n<p>\ud83d\udccb Spisak svih preporuka iz Njuz POPkasta \ud83d\udc49  https:\/\/njuznet.notion.site\/2a192927bb27429a90fac2fa4be47d08?v=f1f18d9331db46a1bfcc571e7bb58dfb&amp;pvs=4<br \/>\n&#8212;<br \/>\nKripto voleti:<br \/>\nViktor BTC bc1q4estcdlypugcz5hnwd8z0gl64lmh6l2lsy23yt<br \/>\nNenad BTC 1AcKQwLtpnd9CmYD1N26tGtiBZaD8Jtb7M<br \/>\n(ostali kada otvore)<\/p>\n<p>Kupite NJUZ majice, stikere i \u0161olje: <\/p>\n<blockquote class=\"wp-embedded-content\" data-secret=\"LsDQiYZ6Pr\"><p><a href=\"https:\/\/shop.njuz.net\/\">Naslovna<\/a><\/p><\/blockquote>\n<p><iframe class=\"wp-embedded-content\" sandbox=\"allow-scripts\" security=\"restricted\" style=\"position: absolute; clip: rect(1px, 1px, 1px, 1px);\" title=\"&#132;Naslovna&#147; &#8212; Njuz Shop\" src=\"https:\/\/shop.njuz.net\/embed\/#?secret=1HY5Hnl8UT#?secret=LsDQiYZ6Pr\" data-secret=\"LsDQiYZ6Pr\" width=\"600\" height=\"338\" frameborder=\"0\" marginwidth=\"0\" marginheight=\"0\" scrolling=\"no\"><\/iframe><\/p>\n<p>Od sada nas mo\u017eete podr\u017eite i na YouTubeu:<br \/>\nhttps:\/\/www.youtube.com\/channel\/UCbYHvSoOkkHfhPTNkz4RmQg\/join<\/p>\n<p>Budite vi sponzor podkasta na Patreonu:<br \/>\nhttps:\/\/www.patreon.com\/njuz<\/p>\n<p>&#8212;<br \/>\nAudio podcasti:<br \/>\nDeezer https:\/\/www.deezer.com\/en\/show\/1736292<br \/>\nSoundcloud https:\/\/soundcloud.com\/njuz-net<br \/>\nApple https:\/\/podcasts.apple.com\/us\/podcast\/njuznet\/id1531300158<br \/>\nSpotify https:\/\/open.spotify.com\/show\/5M6FZXlro5U1bmjgj8xWiN<br \/>\nGoogle https:\/\/podcasts.google.com\/feed\/aHR0cHM6Ly9mZWVkcy5zb3VuZGNsb3VkLmNvbS91c2Vycy9zb3VuZGNsb3VkOnVzZXJzOjg3ODUzNDAwNS9zb3VuZHMucnNz<\/p>\n<p>Njuzovci na Instagramu:<br \/>\nhttps:\/\/www.instagram.com\/je.li.saveta.a\/<br \/>\nhttps:\/\/www.instagram.com\/nenad.milosavljevic\/<br \/>\nhttps:\/\/www.instagram.com\/graforidza\/<br \/>\nhttps:\/\/www.instagram.com\/viktorxmarkovic\/<br \/>\nhttps:\/\/www.instagram.com\/marko_drazic\/<br \/>\nhttps:\/\/www.instagram.com\/vvukovv\/<\/p>\n<p>24 minuta Youtube:  @24minutaofficial  <\/p>\n<p>#srbija #vesti #najnovijevesti #sns #aleksandarvucic #zabava #njuznet #balkaninfo #slavijainfo<\/p>","protected":false},"excerpt":{"rendered":"<p>Veliki broj nesre\u0107nih \u0111okica osvanuo je preko no\u0107i na beogradskim ulicama &#8211; stradali su mostovi i nadvo\u017enjaci, zidovi i plo\u010dnici, te \u0161kolska dvori\u0161ta. Da, \u0161kolska dvori\u0161ta. Pri\u010damo o tome \u010dija je ovo bila ideja i kakva je reakcija javnosti. Osvrnuli smo se i na posetu Davosu predsednika Vu\u010di\u0107a, hrabre ljude po manjim mestima koji su&#8230;<\/p>","protected":false},"author":3,"featured_media":20856,"comment_status":"close","ping_status":"closed","sticky":false,"template":"","format":"audio","meta":{"footnotes":""},"categories":[188],"tags":[],"class_list":["post-148161","post","type-post","status-publish","format-audio","has-post-thumbnail","hentry","category-njuz-net","post_format-post-format-audio"],"_links":{"self":[{"href":"https:\/\/podcast.rs\/en\/wp-json\/wp\/v2\/posts\/148161","targetHints":{"allow":["GET"]}}],"collection":[{"href":"https:\/\/podcast.rs\/en\/wp-json\/wp\/v2\/posts"}],"about":[{"href":"https:\/\/podcast.rs\/en\/wp-json\/wp\/v2\/types\/post"}],"author":[{"embeddable":true,"href":"https:\/\/podcast.rs\/en\/wp-json\/wp\/v2\/users\/3"}],"replies":[{"embeddable":true,"href":"https:\/\/podcast.rs\/en\/wp-json\/wp\/v2\/comments?post=148161"}],"version-history":[{"count":1,"href":"https:\/\/podcast.rs\/en\/wp-json\/wp\/v2\/posts\/148161\/revisions"}],"predecessor-version":[{"id":148162,"href":"https:\/\/podcast.rs\/en\/wp-json\/wp\/v2\/posts\/148161\/revisions\/148162"}],"wp:featuredmedia":[{"embeddable":true,"href":"https:\/\/podcast.rs\/en\/wp-json\/wp\/v2\/media\/20856"}],"wp:attachment":[{"href":"https:\/\/podcast.rs\/en\/wp-json\/wp\/v2\/media?parent=148161"}],"wp:term":[{"taxonomy":"category","embeddable":true,"href":"https:\/\/podcast.rs\/en\/wp-json\/wp\/v2\/categories?post=148161"},{"taxonomy":"post_tag","embeddable":true,"href":"https:\/\/podcast.rs\/en\/wp-json\/wp\/v2\/tags?post=148161"}],"curies":[{"name":"wp","href":"https:\/\/api.w.org\/{rel}","templated":true}]}}