{"id":148104,"date":"2025-01-23T09:36:33","date_gmt":"2025-01-23T07:36:33","guid":{"rendered":"https:\/\/podcast.rs\/iza-vesti-zdenko-tomanovic\/"},"modified":"2026-04-26T01:13:32","modified_gmt":"2026-04-25T23:13:32","slug":"iza-vesti-zdenko-tomanovic","status":"publish","type":"post","link":"https:\/\/podcast.rs\/en\/iza-vesti-zdenko-tomanovic\/","title":{"rendered":"Iza vesti:  Zdenko Tomanovi\u0107"},"content":{"rendered":"<p>Da li je odnos predsednika Srbije i ministarke pravde dodatno okrenuo advokate protiv vlasti? <\/p>\n<p>Gost Danice Vu\u010deni\u0107 u Iza vesti u \u010detvrtak bio je advokat Zdenko Tomanovi\u0107.<\/p>","protected":false},"excerpt":{"rendered":"<p>Da li je odnos predsednika Srbije i ministarke pravde dodatno okrenuo advokate protiv vlasti? Gost Danice Vu\u010deni\u0107 u Iza vesti u \u010detvrtak bio je advokat Zdenko Tomanovi\u0107.<\/p>","protected":false},"author":3,"featured_media":95189,"comment_status":"closed","ping_status":"closed","sticky":false,"template":"","format":"standard","meta":{"footnotes":""},"categories":[513],"tags":[],"class_list":["post-148104","post","type-post","status-publish","format-standard","has-post-thumbnail","hentry","category-n1-srbija"],"_links":{"self":[{"href":"https:\/\/podcast.rs\/en\/wp-json\/wp\/v2\/posts\/148104","targetHints":{"allow":["GET"]}}],"collection":[{"href":"https:\/\/podcast.rs\/en\/wp-json\/wp\/v2\/posts"}],"about":[{"href":"https:\/\/podcast.rs\/en\/wp-json\/wp\/v2\/types\/post"}],"author":[{"embeddable":true,"href":"https:\/\/podcast.rs\/en\/wp-json\/wp\/v2\/users\/3"}],"replies":[{"embeddable":true,"href":"https:\/\/podcast.rs\/en\/wp-json\/wp\/v2\/comments?post=148104"}],"version-history":[{"count":1,"href":"https:\/\/podcast.rs\/en\/wp-json\/wp\/v2\/posts\/148104\/revisions"}],"predecessor-version":[{"id":157941,"href":"https:\/\/podcast.rs\/en\/wp-json\/wp\/v2\/posts\/148104\/revisions\/157941"}],"wp:featuredmedia":[{"embeddable":true,"href":"https:\/\/podcast.rs\/en\/wp-json\/wp\/v2\/media\/95189"}],"wp:attachment":[{"href":"https:\/\/podcast.rs\/en\/wp-json\/wp\/v2\/media?parent=148104"}],"wp:term":[{"taxonomy":"category","embeddable":true,"href":"https:\/\/podcast.rs\/en\/wp-json\/wp\/v2\/categories?post=148104"},{"taxonomy":"post_tag","embeddable":true,"href":"https:\/\/podcast.rs\/en\/wp-json\/wp\/v2\/tags?post=148104"}],"curies":[{"name":"wp","href":"https:\/\/api.w.org\/{rel}","templated":true}]}}